{"id":1127,"date":"2021-02-12T09:33:02","date_gmt":"2021-02-12T08:33:02","guid":{"rendered":"https:\/\/patxilarrainzar.educacion.navarra.es\/web\/argazkibideoak\/?p=1127"},"modified":"2021-02-12T13:37:12","modified_gmt":"2021-02-12T12:37:12","slug":"lh-3-mailako-ikasleak-baluarten","status":"publish","type":"post","link":"https:\/\/patxilarrainzar.educacion.navarra.es\/web\/argazkibideoak\/2021\/02\/12\/lh-3-mailako-ikasleak-baluarten\/","title":{"rendered":"LH 3. mailako ikasleak Baluarten"},"content":{"rendered":"\n<p><strong>Lehen Hezkuntzako 3. mailako neska mutilak gaur Baluarten egon dira. Bertan,&nbsp; Nafarroako Orkesta Sinfonikoak \u201cPeru eta otsoa\u201d ikuskizuna eskaini du. Oso ekintza polita izan da eta musika emanaldiarekin aunitz disfrutatu dute!<\/strong> \/ <sub>Hoy las chicas y chicos de 3\u00ba de Educaci\u00f3n Primaria han estado en Baluarte. All\u00ed, la Orquesta Sinf\u00f3nica de Navarra ha ofrecido el espect\u00e1culo \u201cPeru eta otsoa\u201d. La actividad ha sido muy bonita y han disfrutado mucho de la m\u00fasica en directo.<\/sub><\/p>\n\n\n\n<figure class=\"wp-block-image\"><a href=\"https:\/\/photos.app.goo.gl\/xzdPzU6AMjF7TcPR7\" target=\"_blank\" rel=\"noopener\"><img src=\"https:\/\/lh3.googleusercontent.com\/qq0YBDHvfJf-kOQ6bnFGFaILzYB8n6avxRkEhaZCMu82ra3VLKsreHq-48fyojEtYxlhtDUlcaVwcp4RFbTW32Nu6_iDGDOfyzsvSSQXA7qt2MiQsjay_GE4jog1aPnuGbJ96cyOUA4_1eatBOZeedkY533bB2BUqEiZB9pPVYLf12fYdn7PqbgXOFkKUu9kELpxUh21rD5mUnMKJjnfarcaB40RNYcrnGf7edNUVbvbiUOyMaZw5urlu3Wvg1bYtnl3IAn6LL3EKaZa9w9cxdL3EGs0EWZK-ObThrnYmk2f1TGO9KsqT77gbbcv2zc3ZIcPIHS36s4DfWH8QZiZb8AbE4DDvQD7iU79IpGyCgH4iSZ69oUr0EB741wozJPINtBGLX_cec9vfsIDtgo85HZj8LFto6eB0v60vIWlHqlefZbs9GMwA9Qc9hMH_M48XUMSXDl-P4sDBS5A_cUKBeuepl9jhfi-CilM77Bv3cq4DDdS9Gbsucme7dLFG_LXsOe0Uu_l_N-IPZBDNBQ782asIYTXPwmIZum7C4OlvHpXeZBCqG1xwoprsSc3w_eyxaKPtlLfUUAzN_YUA2jdTIRj-gra_jc_fWPlh0EqwAqPSPJL9767ayyQIzxmrwO8mn6sPPt87gCYXNloadF-d7WjUAfKa6A1C7IClmedMQQD1BOfeTp2d7CZR6-kcQ=w1174-h880-no?authuser=0\" alt=\"\"\/><\/a><figcaption>Sakatu irudian argazki gehiago ikusteko.<\/figcaption><\/figure>\n","protected":false},"excerpt":{"rendered":"<p>Lehen Hezkuntzako 3. mailako neska mutilak gaur Baluarten egon dira. Bertan,&nbsp; Nafarroako Orkesta Sinfonikoak \u201cPeru eta otsoa\u201d ikuskizuna eskaini du. Oso ekintza polita izan da eta musika emanaldiarekin aunitz disfrutatu dute! \/ Hoy las chicas y chicos de 3\u00ba de Educaci\u00f3n Primaria han estado en Baluarte. All\u00ed, la Orquesta Sinf\u00f3nica de Navarra ha ofrecido el &hellip; <a href=\"https:\/\/patxilarrainzar.educacion.navarra.es\/web\/argazkibideoak\/2021\/02\/12\/lh-3-mailako-ikasleak-baluarten\/\" class=\"more-link\">Jarraitu <span class=\"screen-reader-text\">LH 3. mailako ikasleak Baluarten<\/span> irakurtzen<\/a><\/p>\n","protected":false},"author":1,"featured_media":0,"comment_status":"open","ping_status":"open","sticky":false,"template":"","format":"standard","meta":[],"categories":[71],"tags":[],"_links":{"self":[{"href":"https:\/\/patxilarrainzar.educacion.navarra.es\/web\/argazkibideoak\/wp-json\/wp\/v2\/posts\/1127"}],"collection":[{"href":"https:\/\/patxilarrainzar.educacion.navarra.es\/web\/argazkibideoak\/wp-json\/wp\/v2\/posts"}],"about":[{"href":"https:\/\/patxilarrainzar.educacion.navarra.es\/web\/argazkibideoak\/wp-json\/wp\/v2\/types\/post"}],"author":[{"embeddable":true,"href":"https:\/\/patxilarrainzar.educacion.navarra.es\/web\/argazkibideoak\/wp-json\/wp\/v2\/users\/1"}],"replies":[{"embeddable":true,"href":"https:\/\/patxilarrainzar.educacion.navarra.es\/web\/argazkibideoak\/wp-json\/wp\/v2\/comments?post=1127"}],"version-history":[{"count":3,"href":"https:\/\/patxilarrainzar.educacion.navarra.es\/web\/argazkibideoak\/wp-json\/wp\/v2\/posts\/1127\/revisions"}],"predecessor-version":[{"id":1133,"href":"https:\/\/patxilarrainzar.educacion.navarra.es\/web\/argazkibideoak\/wp-json\/wp\/v2\/posts\/1127\/revisions\/1133"}],"wp:attachment":[{"href":"https:\/\/patxilarrainzar.educacion.navarra.es\/web\/argazkibideoak\/wp-json\/wp\/v2\/media?parent=1127"}],"wp:term":[{"taxonomy":"category","embeddable":true,"href":"https:\/\/patxilarrainzar.educacion.navarra.es\/web\/argazkibideoak\/wp-json\/wp\/v2\/categories?post=1127"},{"taxonomy":"post_tag","embeddable":true,"href":"https:\/\/patxilarrainzar.educacion.navarra.es\/web\/argazkibideoak\/wp-json\/wp\/v2\/tags?post=1127"}],"curies":[{"name":"wp","href":"https:\/\/api.w.org\/{rel}","templated":true}]}}