{"id":1216,"date":"2021-06-11T12:50:36","date_gmt":"2021-06-11T11:50:36","guid":{"rendered":"https:\/\/patxilarrainzar.educacion.navarra.es\/web\/argazkibideoak\/?p=1216"},"modified":"2021-06-16T07:40:46","modified_gmt":"2021-06-16T06:40:46","slug":"civican-eko-ateraldia","status":"publish","type":"post","link":"https:\/\/patxilarrainzar.educacion.navarra.es\/web\/argazkibideoak\/2021\/06\/11\/civican-eko-ateraldia\/","title":{"rendered":"CIVICAN-EKO ATERALDIA"},"content":{"rendered":"\n<p><strong>LH 4. mailako ikasleak ekainaren 3an eta 4an Civicanera joan gara. Han &#8220;Expedici\u00f3n Noris&#8221; erakusketa ezagutu dugu.\u00a0 Itsas ingurunea eta bertako biodibertsitatea ezagutu dugu.\u00a0Primeran pasa dugu! <\/strong>\/ <sub>El alumnado de 4\u00ba de educaci\u00f3n primaria los d\u00edas 3 y 4 de junio hemos acudido al Civican. All\u00ed hemos visto la exposici\u00f3n\u00a0 &#8220;Expedici\u00f3n Noris&#8221; y hemos conocido el entorno marino y su biodiversidad. \u00a1Lo hemos pasado genial!<\/sub><\/p>\n\n\n\n<figure class=\"wp-block-image\"><a href=\"https:\/\/photos.google.com\/share\/AF1QipM9T2U4yLFECBUYBb1Z6U-8ZgPnGrI_DSkG4AB-FJg_8_JEFsDny8TCx3jbaAjWiA?key=SFYwMEl5QjZJZG5BRVZtak1pSUtjY2R5S3pjaHlB\" target=\"_blank\" rel=\"noopener\"><img src=\"https:\/\/lh3.googleusercontent.com\/7EZHPrR1357OAkg5ZXsV1vGfP5bLyU7SLBBJv4AXXTCdcKdsSRqydbUU3FEUx3k9G4fVXWhd8PaYOyVqph9mgmT463XsNcFgeGvzEnQee9l1ZqgwIC9lJw_D0z1qkQ6PVEN39iC967ZWe4pbBOwdAZKJEmq51VNlCto6ixA2jvMzuoH8wH5LYVZF_fxleQEpI_7dDBtM35WOkrcMVRprCIwCs44TexopXfa7lj_zqIQXWvD8rSGnPzzL86Q-LFFtdyXY0kvAnfZ3TyGKZJZGEKIEJzZq9pWxgys8PLDvZL1DNQEuDop3slI160VuI9MqR7hLDNklPe60MbVnGdgmpfHkQqjzX1VJVgju-YqJb4CslLqtMx1B2KqHltMaxtULElGFU_OBjFVv1mGaLdKmBkXDBcqmL0UPT2DAmVggSTofd2vJTvmffhb7cq1llCkLVC7543mZvPLfdMusGMT_-fAWfJyBIBqzYTCvnMss22GnKbH7EZv_pSB0lHNLlmY2nLdZkQA1ndssofk08uLB6rsyMiJFVKI7nZu-IdAR2suXsh9gu09OuSiyAo-XTXYRLNU_Lq3MIMusZYZMxMwLoUnL8MPR7JGguspJCb3D1Nw9HeP2UVXgJzz40qhnaKhOvgTK2gzcAtH_oRzsSSpdZ9wVyri_RNi4MKkAlS6xaiQtglz-Tqm7LnTYe7s4z8NIPN3xVwZ49O5s5oJS7jWn0pfW=w1292-h969-no?authuser=0\" alt=\"\"\/><\/a><figcaption><strong>Sakatu irudian argazki gehiago ikusteko.<\/strong><\/figcaption><\/figure>\n","protected":false},"excerpt":{"rendered":"<p>LH 4. mailako ikasleak ekainaren 3an eta 4an Civicanera joan gara. Han &#8220;Expedici\u00f3n Noris&#8221; erakusketa ezagutu dugu.\u00a0 Itsas ingurunea eta bertako biodibertsitatea ezagutu dugu.\u00a0Primeran pasa dugu! \/ El alumnado de 4\u00ba de educaci\u00f3n primaria los d\u00edas 3 y 4 de junio hemos acudido al Civican. All\u00ed hemos visto la exposici\u00f3n\u00a0 &#8220;Expedici\u00f3n Noris&#8221; y hemos conocido &hellip; <a href=\"https:\/\/patxilarrainzar.educacion.navarra.es\/web\/argazkibideoak\/2021\/06\/11\/civican-eko-ateraldia\/\" class=\"more-link\">Jarraitu <span class=\"screen-reader-text\">CIVICAN-EKO ATERALDIA<\/span> irakurtzen<\/a><\/p>\n","protected":false},"author":1,"featured_media":0,"comment_status":"open","ping_status":"open","sticky":false,"template":"","format":"standard","meta":[],"categories":[72],"tags":[],"_links":{"self":[{"href":"https:\/\/patxilarrainzar.educacion.navarra.es\/web\/argazkibideoak\/wp-json\/wp\/v2\/posts\/1216"}],"collection":[{"href":"https:\/\/patxilarrainzar.educacion.navarra.es\/web\/argazkibideoak\/wp-json\/wp\/v2\/posts"}],"about":[{"href":"https:\/\/patxilarrainzar.educacion.navarra.es\/web\/argazkibideoak\/wp-json\/wp\/v2\/types\/post"}],"author":[{"embeddable":true,"href":"https:\/\/patxilarrainzar.educacion.navarra.es\/web\/argazkibideoak\/wp-json\/wp\/v2\/users\/1"}],"replies":[{"embeddable":true,"href":"https:\/\/patxilarrainzar.educacion.navarra.es\/web\/argazkibideoak\/wp-json\/wp\/v2\/comments?post=1216"}],"version-history":[{"count":1,"href":"https:\/\/patxilarrainzar.educacion.navarra.es\/web\/argazkibideoak\/wp-json\/wp\/v2\/posts\/1216\/revisions"}],"predecessor-version":[{"id":1217,"href":"https:\/\/patxilarrainzar.educacion.navarra.es\/web\/argazkibideoak\/wp-json\/wp\/v2\/posts\/1216\/revisions\/1217"}],"wp:attachment":[{"href":"https:\/\/patxilarrainzar.educacion.navarra.es\/web\/argazkibideoak\/wp-json\/wp\/v2\/media?parent=1216"}],"wp:term":[{"taxonomy":"category","embeddable":true,"href":"https:\/\/patxilarrainzar.educacion.navarra.es\/web\/argazkibideoak\/wp-json\/wp\/v2\/categories?post=1216"},{"taxonomy":"post_tag","embeddable":true,"href":"https:\/\/patxilarrainzar.educacion.navarra.es\/web\/argazkibideoak\/wp-json\/wp\/v2\/tags?post=1216"}],"curies":[{"name":"wp","href":"https:\/\/api.w.org\/{rel}","templated":true}]}}