{"id":1254,"date":"2021-11-30T11:45:55","date_gmt":"2021-11-30T10:45:55","guid":{"rendered":"https:\/\/patxilarrainzar.educacion.navarra.es\/web\/argazkibideoak\/?p=1254"},"modified":"2021-11-30T11:48:31","modified_gmt":"2021-11-30T10:48:31","slug":"azaroak-25-lh-6-maila","status":"publish","type":"post","link":"https:\/\/patxilarrainzar.educacion.navarra.es\/web\/argazkibideoak\/2021\/11\/30\/azaroak-25-lh-6-maila\/","title":{"rendered":"Azaroak 25 &#8211; LH 6.maila"},"content":{"rendered":"\n<p><strong>Azaroaren 25ean, indarkeria matxistaren kontrako eguna ospatu dugu 6. mailakoek: hainbat bideo ikusi, gaiari buruz hausnartu eta hura ekiditzeko ekintzak zehaztu ditugu. Gainera, jantzi, pin, azazkal eta zapi moreak jarri ditugu, egun honen garrantzia azpimarratzeko. Gora borroka feminista!\u00a0<\/strong>\/ <sub>El 25 de noviembre, el alumnado de 6\u00ba ha celebrado el d\u00eda contra la violencia machista: hemos visto v\u00eddeos, reflexionado sobre el tema y concretado acciones para evitar el machismo. Adem\u00e1s, hemos venido vestidas y vestidos con trajes, pines, pa\u00f1uelos y u\u00f1as moradas para destacar la importancia de este d\u00eda. \u00a1Viva la lucha feminista!\u00a0<\/sub><\/p>\n\n\n\n<figure class=\"wp-block-image\"><a href=\"https:\/\/photos.app.goo.gl\/MrxsR2y6sfhsTPA5A\" target=\"_blank\" rel=\"noopener\"><img src=\"https:\/\/lh3.googleusercontent.com\/pw\/AM-JKLXpN-y3Jaly7pwnMjyMvGvWsguGvnX__MLAvRguOo1SGBRirF-10L5rcfXQvcby5rA_l7uOx-aW9NzOh_jqXcwrVOeBLVPHgcGaHuMAB3pRLMlXhAArAUgpTHuuPrXP4YD1P6dWoik1_ZXCSwdU2yB9=w1174-h880-no?authuser=0\" alt=\"\"\/><\/a><figcaption><strong>Sakatu irudian argazki gehiago ikusteko.<\/strong><\/figcaption><\/figure>\n","protected":false},"excerpt":{"rendered":"<p>Azaroaren 25ean, indarkeria matxistaren kontrako eguna ospatu dugu 6. mailakoek: hainbat bideo ikusi, gaiari buruz hausnartu eta hura ekiditzeko ekintzak zehaztu ditugu. Gainera, jantzi, pin, azazkal eta zapi moreak jarri ditugu, egun honen garrantzia azpimarratzeko. Gora borroka feminista!\u00a0\/ El 25 de noviembre, el alumnado de 6\u00ba ha celebrado el d\u00eda contra la violencia machista: hemos &hellip; <a href=\"https:\/\/patxilarrainzar.educacion.navarra.es\/web\/argazkibideoak\/2021\/11\/30\/azaroak-25-lh-6-maila\/\" class=\"more-link\">Jarraitu <span class=\"screen-reader-text\">Azaroak 25 &#8211; LH 6.maila<\/span> irakurtzen<\/a><\/p>\n","protected":false},"author":1,"featured_media":0,"comment_status":"open","ping_status":"open","sticky":false,"template":"","format":"standard","meta":[],"categories":[88],"tags":[],"_links":{"self":[{"href":"https:\/\/patxilarrainzar.educacion.navarra.es\/web\/argazkibideoak\/wp-json\/wp\/v2\/posts\/1254"}],"collection":[{"href":"https:\/\/patxilarrainzar.educacion.navarra.es\/web\/argazkibideoak\/wp-json\/wp\/v2\/posts"}],"about":[{"href":"https:\/\/patxilarrainzar.educacion.navarra.es\/web\/argazkibideoak\/wp-json\/wp\/v2\/types\/post"}],"author":[{"embeddable":true,"href":"https:\/\/patxilarrainzar.educacion.navarra.es\/web\/argazkibideoak\/wp-json\/wp\/v2\/users\/1"}],"replies":[{"embeddable":true,"href":"https:\/\/patxilarrainzar.educacion.navarra.es\/web\/argazkibideoak\/wp-json\/wp\/v2\/comments?post=1254"}],"version-history":[{"count":2,"href":"https:\/\/patxilarrainzar.educacion.navarra.es\/web\/argazkibideoak\/wp-json\/wp\/v2\/posts\/1254\/revisions"}],"predecessor-version":[{"id":1256,"href":"https:\/\/patxilarrainzar.educacion.navarra.es\/web\/argazkibideoak\/wp-json\/wp\/v2\/posts\/1254\/revisions\/1256"}],"wp:attachment":[{"href":"https:\/\/patxilarrainzar.educacion.navarra.es\/web\/argazkibideoak\/wp-json\/wp\/v2\/media?parent=1254"}],"wp:term":[{"taxonomy":"category","embeddable":true,"href":"https:\/\/patxilarrainzar.educacion.navarra.es\/web\/argazkibideoak\/wp-json\/wp\/v2\/categories?post=1254"},{"taxonomy":"post_tag","embeddable":true,"href":"https:\/\/patxilarrainzar.educacion.navarra.es\/web\/argazkibideoak\/wp-json\/wp\/v2\/tags?post=1254"}],"curies":[{"name":"wp","href":"https:\/\/api.w.org\/{rel}","templated":true}]}}