{"id":1270,"date":"2021-12-16T13:00:27","date_gmt":"2021-12-16T12:00:27","guid":{"rendered":"https:\/\/patxilarrainzar.educacion.navarra.es\/web\/argazkibideoak\/?p=1270"},"modified":"2021-12-21T10:45:42","modified_gmt":"2021-12-21T09:45:42","slug":"euskararen-eguna-2021","status":"publish","type":"post","link":"https:\/\/patxilarrainzar.educacion.navarra.es\/web\/argazkibideoak\/2021\/12\/16\/euskararen-eguna-2021\/","title":{"rendered":"Euskararen Eguna 2021"},"content":{"rendered":"\n<p> Abenduaren 2an gure eskolan Euskaraen eguna ospatuko genuen. Aurten ospakizunari kutsu berezia eman nahi izan diogu, auzoan\u00a0D eredua\u00a0orain dela 25 urte martxan jarri zelako.  Eguraldi txarra egin zuenez, eskolako aterpera atera ginen Euskal Abestiak abestera.   Primeran pasa genuen! \/ <sub>El 2 de diciembre celebrar\u00edamos en nuestra escuela el D\u00eda del Euskera. Este a\u00f1o hemos querido darle un toque especial a la celebraci\u00f3n, ya que se conmemora el 25\u00ba aniversario del modelo D en el barrio. Como hizo mal tiempo, salimos al cubierto del patio a cantar Euskal Abestiak. \u00a1Lo pasamos genial!<\/sub><\/p>\n\n\n\n<figure class=\"wp-block-image\"><a href=\"https:\/\/photos.app.goo.gl\/2rC7YP3P1jUXF3mw8\" target=\"_blank\" rel=\"noopener\"><img src=\"https:\/\/lh3.googleusercontent.com\/WFcIG9II7ytdKrjsIA7MT_kvyXAapqiNWAuT-5bdu2jRs_FVFKhoxB63C_kRmZBo0IMsoWcYUNuh-mc0xSpckBITshK2GfYNyxS8_OTIk_z1yg_WXg9JVXp4973yp2LNLm97u4zzC4aslfnue79-dvHXacQnu4GI4qH_Z-l5BccD9-jDWtvc_I_AmcoY1daMUHfdwdvnlR4dazAMwiq58euYfgiycP7261y9ON0HoTXwKihhx2MRWsZOZC0qwT2XloPgmDwQOavGGkkrQDCKpiSDfubv_HKrMVvl09f2JJUwYh5mQEeMVc9xeunTQNDAld64GELqnmPyraS3DNSWwCcbB-At3R9MHpIn83yeJcd6sJeI4abFRNmge4RpgboCOS0r8gcHXj82H0CtBI7H2OGxKAh9ePblxt-ec-rGq01JyeBp7pHByQL-LF81MXd3zklXTzHm5HMY_P3gQXwGnVKqc2SGyWqxDyGibpsluFjP8G0UtS4_FK_xxj9QvRbTr6r086RZAtY8RwqeuyPWolgZGC0yTGNqdFzp9tSwqVZuuIyuers3gyxwfq4PicosslA2bFbAVp9JVJZKOmgm14SRIPeHO0jy-Ap-ak39SLdr9Ub7FXxrK6qy_6VaIrS7L60aFqYmO65RGsXmwZtoFP_eI4vM5tCmzJt3vGQv_d-4dG5iuZnegOaIGsCFO5EZsdtUJvJQMU2w-VCfHk1x_4A=w1292-h969-no?authuser=0\" alt=\"\"\/><\/a><figcaption>Sakatu irudian argazki gehio ikusteko<\/figcaption><\/figure>\n","protected":false},"excerpt":{"rendered":"<p>Abenduaren 2an gure eskolan Euskaraen eguna ospatuko genuen. Aurten ospakizunari kutsu berezia eman nahi izan diogu, auzoan\u00a0D eredua\u00a0orain dela 25 urte martxan jarri zelako. Eguraldi txarra egin zuenez, eskolako aterpera atera ginen Euskal Abestiak abestera. Primeran pasa genuen! \/ El 2 de diciembre celebrar\u00edamos en nuestra escuela el D\u00eda del Euskera. Este a\u00f1o hemos querido &hellip; <a href=\"https:\/\/patxilarrainzar.educacion.navarra.es\/web\/argazkibideoak\/2021\/12\/16\/euskararen-eguna-2021\/\" class=\"more-link\">Jarraitu <span class=\"screen-reader-text\">Euskararen Eguna 2021<\/span> irakurtzen<\/a><\/p>\n","protected":false},"author":1,"featured_media":0,"comment_status":"open","ping_status":"open","sticky":false,"template":"","format":"standard","meta":[],"categories":[89],"tags":[],"_links":{"self":[{"href":"https:\/\/patxilarrainzar.educacion.navarra.es\/web\/argazkibideoak\/wp-json\/wp\/v2\/posts\/1270"}],"collection":[{"href":"https:\/\/patxilarrainzar.educacion.navarra.es\/web\/argazkibideoak\/wp-json\/wp\/v2\/posts"}],"about":[{"href":"https:\/\/patxilarrainzar.educacion.navarra.es\/web\/argazkibideoak\/wp-json\/wp\/v2\/types\/post"}],"author":[{"embeddable":true,"href":"https:\/\/patxilarrainzar.educacion.navarra.es\/web\/argazkibideoak\/wp-json\/wp\/v2\/users\/1"}],"replies":[{"embeddable":true,"href":"https:\/\/patxilarrainzar.educacion.navarra.es\/web\/argazkibideoak\/wp-json\/wp\/v2\/comments?post=1270"}],"version-history":[{"count":2,"href":"https:\/\/patxilarrainzar.educacion.navarra.es\/web\/argazkibideoak\/wp-json\/wp\/v2\/posts\/1270\/revisions"}],"predecessor-version":[{"id":1272,"href":"https:\/\/patxilarrainzar.educacion.navarra.es\/web\/argazkibideoak\/wp-json\/wp\/v2\/posts\/1270\/revisions\/1272"}],"wp:attachment":[{"href":"https:\/\/patxilarrainzar.educacion.navarra.es\/web\/argazkibideoak\/wp-json\/wp\/v2\/media?parent=1270"}],"wp:term":[{"taxonomy":"category","embeddable":true,"href":"https:\/\/patxilarrainzar.educacion.navarra.es\/web\/argazkibideoak\/wp-json\/wp\/v2\/categories?post=1270"},{"taxonomy":"post_tag","embeddable":true,"href":"https:\/\/patxilarrainzar.educacion.navarra.es\/web\/argazkibideoak\/wp-json\/wp\/v2\/tags?post=1270"}],"curies":[{"name":"wp","href":"https:\/\/api.w.org\/{rel}","templated":true}]}}