{"id":1275,"date":"2021-12-23T11:51:29","date_gmt":"2021-12-23T10:51:29","guid":{"rendered":"https:\/\/patxilarrainzar.educacion.navarra.es\/web\/argazkibideoak\/?p=1275"},"modified":"2021-12-23T11:53:00","modified_gmt":"2021-12-23T10:53:00","slug":"neguko-festa-2021","status":"publish","type":"post","link":"https:\/\/patxilarrainzar.educacion.navarra.es\/web\/argazkibideoak\/2021\/12\/23\/neguko-festa-2021\/","title":{"rendered":"NEGUKO FESTA 2021"},"content":{"rendered":"\n<p><strong>Atzo goizean Olentzero eta Mari Domingi menditik gure eskolaraino iritsi ziren. Pozaren pozez, gelaz gela aritu ziren eta haurrekin hitz egiteko aukera izan zuten, baita opariak banatzeko ere!Haur guztiak oso dotore etorri ziren! Argazkiekin disfrutatzea espero dugu!! OPOR ZORIONTSUAK ETA URTE BERRI ON!!<\/strong> \/ <sub>Ayer por la ma\u00f1ana Olentzero y Mari Domingi llegaron a nuestra escuela desde el monte. Tuvieron la ocasi\u00f3n de visitar muchas de las clases y hablar con el alumnado y darles sus regalos. \u00a1\u00a1Los ni\u00f1os y ni\u00f1as vinieron muy elegantes!! Esperamos que disfrut\u00e9is viendo las fotos. \u00a1\u00a1OPOR ZORIONTSUAK ETA URTE BERRI ON!!<\/sub><\/p>\n\n\n\n<figure class=\"wp-block-image\"><a href=\"https:\/\/photos.app.goo.gl\/tcX3cnspqAQRqf7M9\" target=\"_blank\" rel=\"noopener\"><img src=\"https:\/\/lh3.googleusercontent.com\/pw\/AM-JKLWFbuD9lvBX4Cq6REjR-JUwOBXPqgAcODlrbQtk94CCxqVOucNlzzWNA9vLQZB4xKKIAs3yTUOfB2Tbv-kNF6_XnxZlc2tOpc6m-DtyzJmQr3rpL4rg7fl02Embs9Fy3lb8L-wPcq0Mp9j6qSa77u9X=w1174-h880-no?authuser=0\" alt=\"\"\/><\/a><figcaption>Sakatu irudian argazki gehiago ikusteko<\/figcaption><\/figure>\n","protected":false},"excerpt":{"rendered":"<p>Atzo goizean Olentzero eta Mari Domingi menditik gure eskolaraino iritsi ziren. Pozaren pozez, gelaz gela aritu ziren eta haurrekin hitz egiteko aukera izan zuten, baita opariak banatzeko ere!Haur guztiak oso dotore etorri ziren! Argazkiekin disfrutatzea espero dugu!! OPOR ZORIONTSUAK ETA URTE BERRI ON!! \/ Ayer por la ma\u00f1ana Olentzero y Mari Domingi llegaron a nuestra &hellip; <a href=\"https:\/\/patxilarrainzar.educacion.navarra.es\/web\/argazkibideoak\/2021\/12\/23\/neguko-festa-2021\/\" class=\"more-link\">Jarraitu <span class=\"screen-reader-text\">NEGUKO FESTA 2021<\/span> irakurtzen<\/a><\/p>\n","protected":false},"author":1,"featured_media":0,"comment_status":"open","ping_status":"open","sticky":false,"template":"","format":"standard","meta":[],"categories":[93],"tags":[],"_links":{"self":[{"href":"https:\/\/patxilarrainzar.educacion.navarra.es\/web\/argazkibideoak\/wp-json\/wp\/v2\/posts\/1275"}],"collection":[{"href":"https:\/\/patxilarrainzar.educacion.navarra.es\/web\/argazkibideoak\/wp-json\/wp\/v2\/posts"}],"about":[{"href":"https:\/\/patxilarrainzar.educacion.navarra.es\/web\/argazkibideoak\/wp-json\/wp\/v2\/types\/post"}],"author":[{"embeddable":true,"href":"https:\/\/patxilarrainzar.educacion.navarra.es\/web\/argazkibideoak\/wp-json\/wp\/v2\/users\/1"}],"replies":[{"embeddable":true,"href":"https:\/\/patxilarrainzar.educacion.navarra.es\/web\/argazkibideoak\/wp-json\/wp\/v2\/comments?post=1275"}],"version-history":[{"count":3,"href":"https:\/\/patxilarrainzar.educacion.navarra.es\/web\/argazkibideoak\/wp-json\/wp\/v2\/posts\/1275\/revisions"}],"predecessor-version":[{"id":1279,"href":"https:\/\/patxilarrainzar.educacion.navarra.es\/web\/argazkibideoak\/wp-json\/wp\/v2\/posts\/1275\/revisions\/1279"}],"wp:attachment":[{"href":"https:\/\/patxilarrainzar.educacion.navarra.es\/web\/argazkibideoak\/wp-json\/wp\/v2\/media?parent=1275"}],"wp:term":[{"taxonomy":"category","embeddable":true,"href":"https:\/\/patxilarrainzar.educacion.navarra.es\/web\/argazkibideoak\/wp-json\/wp\/v2\/categories?post=1275"},{"taxonomy":"post_tag","embeddable":true,"href":"https:\/\/patxilarrainzar.educacion.navarra.es\/web\/argazkibideoak\/wp-json\/wp\/v2\/tags?post=1275"}],"curies":[{"name":"wp","href":"https:\/\/api.w.org\/{rel}","templated":true}]}}