{"id":1389,"date":"2022-11-04T12:07:28","date_gmt":"2022-11-04T11:07:28","guid":{"rendered":"https:\/\/patxilarrainzar.educacion.navarra.es\/web\/argazkibideoak\/?p=1389"},"modified":"2022-11-04T13:39:29","modified_gmt":"2022-11-04T12:39:29","slug":"elkartukea-ep-5ob-y-ei-3oa","status":"publish","type":"post","link":"https:\/\/patxilarrainzar.educacion.navarra.es\/web\/argazkibideoak\/2022\/11\/04\/elkartukea-ep-5ob-y-ei-3oa\/","title":{"rendered":"ELKARTUKEA LH 5\u00baB Y HH 3\u00baA"},"content":{"rendered":"\n<p><strong>Oso egun polita pasa genuen 5 urteko lagunekin. Beraien gelara jaitsi eta momentu goxo eta zoragarriak bizi izan genituen.<\/strong> \/ <sub>El otro d\u00eda pasamos un d\u00eda muy bonito con los amigos y las amigas de 5 a\u00f1os. Bajamos a su clase y vivimos momentos maravillosos.<\/sub><\/p>\n\n\n\n<figure class=\"wp-block-image\"><a href=\"https:\/\/photos.app.goo.gl\/S1npudL3e75FRhsH7\" target=\"_blank\" rel=\"noopener\"><img src=\"https:\/\/lh3.googleusercontent.com\/pw\/AL9nZEW1BL66xKJaz3rOi5-jk-cIGVg1yF73okItUVM-I7DRgF1CYtXUvRZiR7I5iUbKSXiJCaMeASCq3komwUl9EqVNFRbrt1BCiPfMvOAZ4l5TqIIzWGxC3_GnI54eIOISOPMB9x84-riZzUD2PCZV136C=w1920-h907-no?authuser=0\" alt=\"\"\/><\/a><figcaption>Egin klik irudian argazki gehiago ikusteko.<\/figcaption><\/figure>\n","protected":false},"excerpt":{"rendered":"<p>Oso egun polita pasa genuen 5 urteko lagunekin. Beraien gelara jaitsi eta momentu goxo eta zoragarriak bizi izan genituen. \/ El otro d\u00eda pasamos un d\u00eda muy bonito con los amigos y las amigas de 5 a\u00f1os. Bajamos a su clase y vivimos momentos maravillosos.<\/p>\n","protected":false},"author":1,"featured_media":0,"comment_status":"open","ping_status":"open","sticky":false,"template":"","format":"standard","meta":[],"categories":[99,110],"tags":[],"_links":{"self":[{"href":"https:\/\/patxilarrainzar.educacion.navarra.es\/web\/argazkibideoak\/wp-json\/wp\/v2\/posts\/1389"}],"collection":[{"href":"https:\/\/patxilarrainzar.educacion.navarra.es\/web\/argazkibideoak\/wp-json\/wp\/v2\/posts"}],"about":[{"href":"https:\/\/patxilarrainzar.educacion.navarra.es\/web\/argazkibideoak\/wp-json\/wp\/v2\/types\/post"}],"author":[{"embeddable":true,"href":"https:\/\/patxilarrainzar.educacion.navarra.es\/web\/argazkibideoak\/wp-json\/wp\/v2\/users\/1"}],"replies":[{"embeddable":true,"href":"https:\/\/patxilarrainzar.educacion.navarra.es\/web\/argazkibideoak\/wp-json\/wp\/v2\/comments?post=1389"}],"version-history":[{"count":3,"href":"https:\/\/patxilarrainzar.educacion.navarra.es\/web\/argazkibideoak\/wp-json\/wp\/v2\/posts\/1389\/revisions"}],"predecessor-version":[{"id":1392,"href":"https:\/\/patxilarrainzar.educacion.navarra.es\/web\/argazkibideoak\/wp-json\/wp\/v2\/posts\/1389\/revisions\/1392"}],"wp:attachment":[{"href":"https:\/\/patxilarrainzar.educacion.navarra.es\/web\/argazkibideoak\/wp-json\/wp\/v2\/media?parent=1389"}],"wp:term":[{"taxonomy":"category","embeddable":true,"href":"https:\/\/patxilarrainzar.educacion.navarra.es\/web\/argazkibideoak\/wp-json\/wp\/v2\/categories?post=1389"},{"taxonomy":"post_tag","embeddable":true,"href":"https:\/\/patxilarrainzar.educacion.navarra.es\/web\/argazkibideoak\/wp-json\/wp\/v2\/tags?post=1389"}],"curies":[{"name":"wp","href":"https:\/\/api.w.org\/{rel}","templated":true}]}}