{"id":1401,"date":"2022-11-28T08:46:36","date_gmt":"2022-11-28T07:46:36","guid":{"rendered":"https:\/\/patxilarrainzar.educacion.navarra.es\/web\/argazkibideoak\/?p=1401"},"modified":"2022-11-28T08:50:55","modified_gmt":"2022-11-28T07:50:55","slug":"martxan-da-euskaraldia","status":"publish","type":"post","link":"https:\/\/patxilarrainzar.educacion.navarra.es\/web\/argazkibideoak\/2022\/11\/28\/martxan-da-euskaraldia\/","title":{"rendered":"Martxan da EUSKARALDIA!"},"content":{"rendered":"\n<p><strong>Hizkuntza-ohituretan euskarari toki gehiago ematen hasteko eta familian euskararen erabilera areagotzeko aukera polita. Hitzez ekiteko garaia! <\/strong>\/ <sub>Una bonita oportunidad para empezar a dar m\u00e1s espacio al euskera en los h\u00e1bitos ling\u00fc\u00edsticos y aumentar su uso en la familia. Hitzez ekiteko garaia!<\/sub><\/p>\n\n\n\n<figure class=\"wp-block-image\"><a href=\"https:\/\/photos.app.goo.gl\/vHtdGpreHV8buzVe8\" target=\"_blank\" rel=\"noopener\"><img src=\"https:\/\/lh3.googleusercontent.com\/pw\/AL9nZEXp6-IEkD1SHIgbtTyzoqcA4r3RZZatBz2QSMrq3ikEACkWOAckujAbAHSVGOtH24xYPJejzrYk_ihUsAGCrNl8H8gcJTTB5eY7FJjtOsYZi2GtEK2_JXSoOw6P0pv6Xbpkstorg2dgNdrxMsv-cU-v=w1292-h970-no?authuser=0\" alt=\"\"\/><\/a><figcaption>Egin klik irudian argazki gehiago ikusteko.<\/figcaption><\/figure>\n","protected":false},"excerpt":{"rendered":"<p>Hizkuntza-ohituretan euskarari toki gehiago ematen hasteko eta familian euskararen erabilera areagotzeko aukera polita. Hitzez ekiteko garaia! \/ Una bonita oportunidad para empezar a dar m\u00e1s espacio al euskera en los h\u00e1bitos ling\u00fc\u00edsticos y aumentar su uso en la familia. Hitzez ekiteko garaia!<\/p>\n","protected":false},"author":1,"featured_media":0,"comment_status":"open","ping_status":"open","sticky":false,"template":"","format":"standard","meta":[],"categories":[97,98,99,106,107,108,109,110,111],"tags":[],"_links":{"self":[{"href":"https:\/\/patxilarrainzar.educacion.navarra.es\/web\/argazkibideoak\/wp-json\/wp\/v2\/posts\/1401"}],"collection":[{"href":"https:\/\/patxilarrainzar.educacion.navarra.es\/web\/argazkibideoak\/wp-json\/wp\/v2\/posts"}],"about":[{"href":"https:\/\/patxilarrainzar.educacion.navarra.es\/web\/argazkibideoak\/wp-json\/wp\/v2\/types\/post"}],"author":[{"embeddable":true,"href":"https:\/\/patxilarrainzar.educacion.navarra.es\/web\/argazkibideoak\/wp-json\/wp\/v2\/users\/1"}],"replies":[{"embeddable":true,"href":"https:\/\/patxilarrainzar.educacion.navarra.es\/web\/argazkibideoak\/wp-json\/wp\/v2\/comments?post=1401"}],"version-history":[{"count":1,"href":"https:\/\/patxilarrainzar.educacion.navarra.es\/web\/argazkibideoak\/wp-json\/wp\/v2\/posts\/1401\/revisions"}],"predecessor-version":[{"id":1402,"href":"https:\/\/patxilarrainzar.educacion.navarra.es\/web\/argazkibideoak\/wp-json\/wp\/v2\/posts\/1401\/revisions\/1402"}],"wp:attachment":[{"href":"https:\/\/patxilarrainzar.educacion.navarra.es\/web\/argazkibideoak\/wp-json\/wp\/v2\/media?parent=1401"}],"wp:term":[{"taxonomy":"category","embeddable":true,"href":"https:\/\/patxilarrainzar.educacion.navarra.es\/web\/argazkibideoak\/wp-json\/wp\/v2\/categories?post=1401"},{"taxonomy":"post_tag","embeddable":true,"href":"https:\/\/patxilarrainzar.educacion.navarra.es\/web\/argazkibideoak\/wp-json\/wp\/v2\/tags?post=1401"}],"curies":[{"name":"wp","href":"https:\/\/api.w.org\/{rel}","templated":true}]}}