{"id":1461,"date":"2023-06-05T09:39:04","date_gmt":"2023-06-05T08:39:04","guid":{"rendered":"https:\/\/patxilarrainzar.educacion.navarra.es\/web\/argazkibideoak\/?p=1461"},"modified":"2023-06-05T09:39:33","modified_gmt":"2023-06-05T08:39:33","slug":"eskolako-festa","status":"publish","type":"post","link":"https:\/\/patxilarrainzar.educacion.navarra.es\/web\/argazkibideoak\/2023\/06\/05\/eskolako-festa\/","title":{"rendered":"ESKOLAKO FESTA"},"content":{"rendered":"\n<p><strong>Ekainaren 3an eskolako festa ospatu genuen. Eskola osoaren partez eskerrak eman nahi dizkiogu Guraso Elkarteari festa prestatzeko hartutako ardura eta lanagatik. Egun oso polita eta berezia izan zen guretzat eta izugarri disfrutatu genuen. Bihotzez mila esker parte hartu duzuen familia guztiei!<\/strong> \/ <sub>El 3 de junio celebramos la fiesta de la escuela. Queremos agradecer de parte de toda la escuela a la APYMA la responsabilidad y el trabajo realizado en la preparaci\u00f3n de la fiesta. Fue un d\u00eda muy bonito y especial para nosotras y nosotros y lo disfrutamos much\u00edsimo. \u00a1Gracias de coraz\u00f3n a todas las familias que hab\u00e9is participado!<\/sub><\/p>\n\n\n\n<figure class=\"wp-block-image\"><a href=\"https:\/\/photos.app.goo.gl\/e6Qggg5Nos3r2wa48\" target=\"_blank\" rel=\"noopener\"><img src=\"https:\/\/lh3.googleusercontent.com\/pw\/AJFCJaWXotAQhVipDxLQKi4fIlAqUDk9ylQwWMMuNkvIPdvNRmaYOr8VJb18rynmpFsUVDh4zQ2PTioWxpchV8emqssIU7Ci7qIpPIB8bcxAPZny-rrnwpSK5ad84r2NPPspyhi7Hq9takqkGDWozd4b0Xns=w1599-h899-s-no?authuser=0\" alt=\"\"\/><\/a><figcaption>Egin klik irudian argazki gehiago ikusteko.<\/figcaption><\/figure>\n","protected":false},"excerpt":{"rendered":"<p>Ekainaren 3an eskolako festa ospatu genuen. Eskola osoaren partez eskerrak eman nahi dizkiogu Guraso Elkarteari festa prestatzeko hartutako ardura eta lanagatik. Egun oso polita eta berezia izan zen guretzat eta izugarri disfrutatu genuen. Bihotzez mila esker parte hartu duzuen familia guztiei! \/ El 3 de junio celebramos la fiesta de la escuela. Queremos agradecer de &hellip; <a href=\"https:\/\/patxilarrainzar.educacion.navarra.es\/web\/argazkibideoak\/2023\/06\/05\/eskolako-festa\/\" class=\"more-link\">Jarraitu <span class=\"screen-reader-text\">ESKOLAKO FESTA<\/span> irakurtzen<\/a><\/p>\n","protected":false},"author":1,"featured_media":0,"comment_status":"open","ping_status":"open","sticky":false,"template":"","format":"standard","meta":[],"categories":[100,96],"tags":[],"_links":{"self":[{"href":"https:\/\/patxilarrainzar.educacion.navarra.es\/web\/argazkibideoak\/wp-json\/wp\/v2\/posts\/1461"}],"collection":[{"href":"https:\/\/patxilarrainzar.educacion.navarra.es\/web\/argazkibideoak\/wp-json\/wp\/v2\/posts"}],"about":[{"href":"https:\/\/patxilarrainzar.educacion.navarra.es\/web\/argazkibideoak\/wp-json\/wp\/v2\/types\/post"}],"author":[{"embeddable":true,"href":"https:\/\/patxilarrainzar.educacion.navarra.es\/web\/argazkibideoak\/wp-json\/wp\/v2\/users\/1"}],"replies":[{"embeddable":true,"href":"https:\/\/patxilarrainzar.educacion.navarra.es\/web\/argazkibideoak\/wp-json\/wp\/v2\/comments?post=1461"}],"version-history":[{"count":1,"href":"https:\/\/patxilarrainzar.educacion.navarra.es\/web\/argazkibideoak\/wp-json\/wp\/v2\/posts\/1461\/revisions"}],"predecessor-version":[{"id":1462,"href":"https:\/\/patxilarrainzar.educacion.navarra.es\/web\/argazkibideoak\/wp-json\/wp\/v2\/posts\/1461\/revisions\/1462"}],"wp:attachment":[{"href":"https:\/\/patxilarrainzar.educacion.navarra.es\/web\/argazkibideoak\/wp-json\/wp\/v2\/media?parent=1461"}],"wp:term":[{"taxonomy":"category","embeddable":true,"href":"https:\/\/patxilarrainzar.educacion.navarra.es\/web\/argazkibideoak\/wp-json\/wp\/v2\/categories?post=1461"},{"taxonomy":"post_tag","embeddable":true,"href":"https:\/\/patxilarrainzar.educacion.navarra.es\/web\/argazkibideoak\/wp-json\/wp\/v2\/tags?post=1461"}],"curies":[{"name":"wp","href":"https:\/\/api.w.org\/{rel}","templated":true}]}}