{"id":1048,"date":"2019-05-14T12:00:05","date_gmt":"2019-05-14T10:00:05","guid":{"rendered":"http:\/\/patxilarrainzar.educacion.navarra.es\/web\/blog\/2019\/05\/14\/sortzen-jaia\/"},"modified":"2019-05-14T12:01:31","modified_gmt":"2019-05-14T10:01:31","slug":"sortzen-jaia","status":"publish","type":"post","link":"https:\/\/patxilarrainzar.educacion.navarra.es\/web\/es\/blog\/2019\/05\/14\/sortzen-jaia\/","title":{"rendered":"SORTZEN Jaia"},"content":{"rendered":"\n<div class=\"wp-block-image\"><figure class=\"aligncenter\"><img src=\"http:\/\/www.sortzen.eus\/uploads\/erab_1\/2019\/04\/400-1555057108-Sortzen%20Jaia%202019%20kartel%20orokorra.jpg\" alt=\"\"><\/figure><\/div>\n\n<p>Este domingo, 19 de mayo, se celebrar\u00e1 la fiesta de Sortzen en los alrededores del parque de la Taconera.<\/p>\n\n<p>El d\u00eda transcurrir\u00e1 en un ambiente festivo y habr\u00e1 opci\u00f3n de participar en distintas actividades. El lema de este a\u00f1o es <em>Euskaratik guztion eskola sortzen<\/em> por lo que el euskara ser\u00e1 el eje central del d\u00eda.<\/p>\n\n<p>\u00a1Est\u00e1is todos invitados!<\/p>\n\n<div class=\"wp-block-image\"><figure class=\"aligncenter\"><img src=\"http:\/\/www.sortzen.eus\/uploads\/erab_1\/2019\/05\/400-1557571370-SortzenJaia2019_Kartela_Digitalerako.jpg\" alt=\"\"><\/figure><\/div>\n","protected":false},"excerpt":{"rendered":"<p>Este domingo, 19 de mayo, se celebrar\u00e1 la fiesta de Sortzen en los alrededores del parque de la Taconera. El d\u00eda transcurrir\u00e1 en un ambiente festivo y habr\u00e1 opci\u00f3n de participar en distintas actividades. El lema de este a\u00f1o es Euskaratik guztion eskola sortzen por lo que el euskara ser\u00e1 el eje central del d\u00eda. [&hellip;]<\/p>\n","protected":false},"author":1,"featured_media":0,"comment_status":"open","ping_status":"open","sticky":false,"template":"","format":"standard","meta":{"_genesis_hide_title":false,"_genesis_hide_breadcrumbs":false,"_genesis_hide_singular_image":false,"_genesis_hide_footer_widgets":false,"_genesis_custom_body_class":"","_genesis_custom_post_class":"","_genesis_layout":""},"categories":[1],"tags":[],"_links":{"self":[{"href":"https:\/\/patxilarrainzar.educacion.navarra.es\/web\/es\/wp-json\/wp\/v2\/posts\/1048"}],"collection":[{"href":"https:\/\/patxilarrainzar.educacion.navarra.es\/web\/es\/wp-json\/wp\/v2\/posts"}],"about":[{"href":"https:\/\/patxilarrainzar.educacion.navarra.es\/web\/es\/wp-json\/wp\/v2\/types\/post"}],"author":[{"embeddable":true,"href":"https:\/\/patxilarrainzar.educacion.navarra.es\/web\/es\/wp-json\/wp\/v2\/users\/1"}],"replies":[{"embeddable":true,"href":"https:\/\/patxilarrainzar.educacion.navarra.es\/web\/es\/wp-json\/wp\/v2\/comments?post=1048"}],"version-history":[{"count":3,"href":"https:\/\/patxilarrainzar.educacion.navarra.es\/web\/es\/wp-json\/wp\/v2\/posts\/1048\/revisions"}],"predecessor-version":[{"id":1051,"href":"https:\/\/patxilarrainzar.educacion.navarra.es\/web\/es\/wp-json\/wp\/v2\/posts\/1048\/revisions\/1051"}],"wp:attachment":[{"href":"https:\/\/patxilarrainzar.educacion.navarra.es\/web\/es\/wp-json\/wp\/v2\/media?parent=1048"}],"wp:term":[{"taxonomy":"category","embeddable":true,"href":"https:\/\/patxilarrainzar.educacion.navarra.es\/web\/es\/wp-json\/wp\/v2\/categories?post=1048"},{"taxonomy":"post_tag","embeddable":true,"href":"https:\/\/patxilarrainzar.educacion.navarra.es\/web\/es\/wp-json\/wp\/v2\/tags?post=1048"}],"curies":[{"name":"wp","href":"https:\/\/api.w.org\/{rel}","templated":true}]}}