{"id":1444,"date":"2019-12-05T12:49:19","date_gmt":"2019-12-05T11:49:19","guid":{"rendered":"https:\/\/patxilarrainzar.educacion.navarra.es\/web\/blog\/2019\/12\/05\/prematricula-2020-21\/"},"modified":"2020-01-22T08:29:49","modified_gmt":"2020-01-22T07:29:49","slug":"prematricula-2020-21","status":"publish","type":"post","link":"https:\/\/patxilarrainzar.educacion.navarra.es\/web\/es\/blog\/2019\/12\/05\/prematricula-2020-21\/","title":{"rendered":"Prematr\u00edcula"},"content":{"rendered":"\n<h3 class=\"has-vivid-red-color has-text-color has-text-align-center\">FECHAS DE PREMATR\u00cdCULA:<br\/>DEL 3 AL 7 DE FEBRERO<\/h3>\n\n<figure class=\"wp-block-image size-full\"><img loading=\"lazy\" width=\"1172\" height=\"469\" src=\"https:\/\/patxilarrainzar.educacion.navarra.es\/web\/wp-content\/uploads\/2019\/12\/banner-6.gif\" alt=\"\" class=\"wp-image-1473\"\/><\/figure>\n<p class=\"has-text-align-center\"><strong><em>Puedes concertar tu cita <a href=\"https:\/\/forms.gle\/Mp8RbLB6h7gAzWHR8\" target=\"_blank\" rel=\"noreferrer noopener\" aria-label=\"hemen (erlaitz berrian irekia)\">aqu\u00ed<\/a>. Y para m\u00e1s informaci\u00f3n <a href=\"https:\/\/patxilarrainzar.educacion.navarra.es\/web\/es\/prematricula\/\" target=\"_blank\" rel=\"noopener noreferrer\">aqu\u00ed<\/a>.<\/em><\/strong><\/p>\n\n<figure class=\"wp-block-gallery columns-3 is-cropped\"><ul class=\"blocks-gallery-grid\"><li class=\"blocks-gallery-item\"><figure><img loading=\"lazy\" width=\"1024\" height=\"576\" src=\"https:\/\/patxilarrainzar.educacion.navarra.es\/web\/wp-content\/uploads\/2020\/01\/51942a79-6dc8-443a-9b49-ad3c472f8651-1024x576.jpeg\" alt=\"\" data-id=\"1551\" data-full-url=\"https:\/\/patxilarrainzar.educacion.navarra.es\/web\/wp-content\/uploads\/2020\/01\/51942a79-6dc8-443a-9b49-ad3c472f8651.jpeg\" data-link=\"https:\/\/patxilarrainzar.educacion.navarra.es\/web\/blog\/2019\/12\/05\/2020-21-aurrematrikulazioa\/51942a79-6dc8-443a-9b49-ad3c472f8651\/\" class=\"wp-image-1551\" srcset=\"https:\/\/patxilarrainzar.educacion.navarra.es\/web\/wp-content\/uploads\/2020\/01\/51942a79-6dc8-443a-9b49-ad3c472f8651-1024x576.jpeg 1024w, https:\/\/patxilarrainzar.educacion.navarra.es\/web\/wp-content\/uploads\/2020\/01\/51942a79-6dc8-443a-9b49-ad3c472f8651-300x169.jpeg 300w, https:\/\/patxilarrainzar.educacion.navarra.es\/web\/wp-content\/uploads\/2020\/01\/51942a79-6dc8-443a-9b49-ad3c472f8651-768x432.jpeg 768w, https:\/\/patxilarrainzar.educacion.navarra.es\/web\/wp-content\/uploads\/2020\/01\/51942a79-6dc8-443a-9b49-ad3c472f8651-1536x864.jpeg 1536w, https:\/\/patxilarrainzar.educacion.navarra.es\/web\/wp-content\/uploads\/2020\/01\/51942a79-6dc8-443a-9b49-ad3c472f8651.jpeg 1600w\" sizes=\"(max-width: 1024px) 100vw, 1024px\" \/><\/figure><\/li><li class=\"blocks-gallery-item\"><figure><img loading=\"lazy\" width=\"576\" height=\"1024\" src=\"https:\/\/patxilarrainzar.educacion.navarra.es\/web\/wp-content\/uploads\/2020\/01\/4a906033-2fd1-4a8c-a6e6-070bcf6bdc0d-576x1024.jpeg\" alt=\"\" data-id=\"1553\" data-full-url=\"https:\/\/patxilarrainzar.educacion.navarra.es\/web\/wp-content\/uploads\/2020\/01\/4a906033-2fd1-4a8c-a6e6-070bcf6bdc0d.jpeg\" data-link=\"https:\/\/patxilarrainzar.educacion.navarra.es\/web\/blog\/2019\/12\/05\/2020-21-aurrematrikulazioa\/4a906033-2fd1-4a8c-a6e6-070bcf6bdc0d\/\" class=\"wp-image-1553\" srcset=\"https:\/\/patxilarrainzar.educacion.navarra.es\/web\/wp-content\/uploads\/2020\/01\/4a906033-2fd1-4a8c-a6e6-070bcf6bdc0d-576x1024.jpeg 576w, https:\/\/patxilarrainzar.educacion.navarra.es\/web\/wp-content\/uploads\/2020\/01\/4a906033-2fd1-4a8c-a6e6-070bcf6bdc0d-169x300.jpeg 169w, https:\/\/patxilarrainzar.educacion.navarra.es\/web\/wp-content\/uploads\/2020\/01\/4a906033-2fd1-4a8c-a6e6-070bcf6bdc0d-768x1365.jpeg 768w, https:\/\/patxilarrainzar.educacion.navarra.es\/web\/wp-content\/uploads\/2020\/01\/4a906033-2fd1-4a8c-a6e6-070bcf6bdc0d-864x1536.jpeg 864w, https:\/\/patxilarrainzar.educacion.navarra.es\/web\/wp-content\/uploads\/2020\/01\/4a906033-2fd1-4a8c-a6e6-070bcf6bdc0d.jpeg 900w\" sizes=\"(max-width: 576px) 100vw, 576px\" \/><\/figure><\/li><li class=\"blocks-gallery-item\"><figure><img loading=\"lazy\" width=\"1024\" height=\"576\" src=\"https:\/\/patxilarrainzar.educacion.navarra.es\/web\/wp-content\/uploads\/2020\/01\/3978ff11-808d-4879-918e-6ebea733c565-1024x576.jpeg\" alt=\"\" data-id=\"1555\" data-full-url=\"https:\/\/patxilarrainzar.educacion.navarra.es\/web\/wp-content\/uploads\/2020\/01\/3978ff11-808d-4879-918e-6ebea733c565.jpeg\" data-link=\"https:\/\/patxilarrainzar.educacion.navarra.es\/web\/blog\/2019\/12\/05\/2020-21-aurrematrikulazioa\/3978ff11-808d-4879-918e-6ebea733c565\/\" class=\"wp-image-1555\" srcset=\"https:\/\/patxilarrainzar.educacion.navarra.es\/web\/wp-content\/uploads\/2020\/01\/3978ff11-808d-4879-918e-6ebea733c565-1024x576.jpeg 1024w, https:\/\/patxilarrainzar.educacion.navarra.es\/web\/wp-content\/uploads\/2020\/01\/3978ff11-808d-4879-918e-6ebea733c565-300x169.jpeg 300w, https:\/\/patxilarrainzar.educacion.navarra.es\/web\/wp-content\/uploads\/2020\/01\/3978ff11-808d-4879-918e-6ebea733c565-768x432.jpeg 768w, https:\/\/patxilarrainzar.educacion.navarra.es\/web\/wp-content\/uploads\/2020\/01\/3978ff11-808d-4879-918e-6ebea733c565-1536x864.jpeg 1536w, https:\/\/patxilarrainzar.educacion.navarra.es\/web\/wp-content\/uploads\/2020\/01\/3978ff11-808d-4879-918e-6ebea733c565.jpeg 1600w\" sizes=\"(max-width: 1024px) 100vw, 1024px\" \/><\/figure><\/li><li class=\"blocks-gallery-item\"><figure><img loading=\"lazy\" width=\"1024\" height=\"576\" src=\"https:\/\/patxilarrainzar.educacion.navarra.es\/web\/wp-content\/uploads\/2020\/01\/8a7b581b-30bf-4695-b679-7d19ffb978d0-1024x576.jpeg\" alt=\"\" data-id=\"1557\" data-full-url=\"https:\/\/patxilarrainzar.educacion.navarra.es\/web\/wp-content\/uploads\/2020\/01\/8a7b581b-30bf-4695-b679-7d19ffb978d0.jpeg\" data-link=\"https:\/\/patxilarrainzar.educacion.navarra.es\/web\/blog\/2019\/12\/05\/2020-21-aurrematrikulazioa\/8a7b581b-30bf-4695-b679-7d19ffb978d0\/\" class=\"wp-image-1557\" srcset=\"https:\/\/patxilarrainzar.educacion.navarra.es\/web\/wp-content\/uploads\/2020\/01\/8a7b581b-30bf-4695-b679-7d19ffb978d0-1024x576.jpeg 1024w, https:\/\/patxilarrainzar.educacion.navarra.es\/web\/wp-content\/uploads\/2020\/01\/8a7b581b-30bf-4695-b679-7d19ffb978d0-300x169.jpeg 300w, https:\/\/patxilarrainzar.educacion.navarra.es\/web\/wp-content\/uploads\/2020\/01\/8a7b581b-30bf-4695-b679-7d19ffb978d0-768x432.jpeg 768w, https:\/\/patxilarrainzar.educacion.navarra.es\/web\/wp-content\/uploads\/2020\/01\/8a7b581b-30bf-4695-b679-7d19ffb978d0-1536x864.jpeg 1536w, https:\/\/patxilarrainzar.educacion.navarra.es\/web\/wp-content\/uploads\/2020\/01\/8a7b581b-30bf-4695-b679-7d19ffb978d0.jpeg 1600w\" sizes=\"(max-width: 1024px) 100vw, 1024px\" \/><\/figure><\/li><li class=\"blocks-gallery-item\"><figure><img loading=\"lazy\" width=\"1024\" height=\"576\" src=\"https:\/\/patxilarrainzar.educacion.navarra.es\/web\/wp-content\/uploads\/2020\/01\/8f8b6928-38b7-4f38-b893-88cf3fcba96c-1024x576.jpeg\" alt=\"\" data-id=\"1559\" data-full-url=\"https:\/\/patxilarrainzar.educacion.navarra.es\/web\/wp-content\/uploads\/2020\/01\/8f8b6928-38b7-4f38-b893-88cf3fcba96c.jpeg\" data-link=\"https:\/\/patxilarrainzar.educacion.navarra.es\/web\/blog\/2019\/12\/05\/2020-21-aurrematrikulazioa\/8f8b6928-38b7-4f38-b893-88cf3fcba96c\/\" class=\"wp-image-1559\" srcset=\"https:\/\/patxilarrainzar.educacion.navarra.es\/web\/wp-content\/uploads\/2020\/01\/8f8b6928-38b7-4f38-b893-88cf3fcba96c-1024x576.jpeg 1024w, https:\/\/patxilarrainzar.educacion.navarra.es\/web\/wp-content\/uploads\/2020\/01\/8f8b6928-38b7-4f38-b893-88cf3fcba96c-300x169.jpeg 300w, https:\/\/patxilarrainzar.educacion.navarra.es\/web\/wp-content\/uploads\/2020\/01\/8f8b6928-38b7-4f38-b893-88cf3fcba96c-768x432.jpeg 768w, https:\/\/patxilarrainzar.educacion.navarra.es\/web\/wp-content\/uploads\/2020\/01\/8f8b6928-38b7-4f38-b893-88cf3fcba96c-1536x864.jpeg 1536w, https:\/\/patxilarrainzar.educacion.navarra.es\/web\/wp-content\/uploads\/2020\/01\/8f8b6928-38b7-4f38-b893-88cf3fcba96c.jpeg 1600w\" sizes=\"(max-width: 1024px) 100vw, 1024px\" \/><\/figure><\/li><li class=\"blocks-gallery-item\"><figure><img loading=\"lazy\" width=\"1024\" height=\"576\" src=\"https:\/\/patxilarrainzar.educacion.navarra.es\/web\/wp-content\/uploads\/2020\/01\/206af09e-f91f-4785-a37b-62d453131784-1024x576.jpeg\" alt=\"\" data-id=\"1561\" data-full-url=\"https:\/\/patxilarrainzar.educacion.navarra.es\/web\/wp-content\/uploads\/2020\/01\/206af09e-f91f-4785-a37b-62d453131784.jpeg\" data-link=\"https:\/\/patxilarrainzar.educacion.navarra.es\/web\/blog\/2019\/12\/05\/2020-21-aurrematrikulazioa\/206af09e-f91f-4785-a37b-62d453131784\/\" class=\"wp-image-1561\" srcset=\"https:\/\/patxilarrainzar.educacion.navarra.es\/web\/wp-content\/uploads\/2020\/01\/206af09e-f91f-4785-a37b-62d453131784-1024x576.jpeg 1024w, https:\/\/patxilarrainzar.educacion.navarra.es\/web\/wp-content\/uploads\/2020\/01\/206af09e-f91f-4785-a37b-62d453131784-300x169.jpeg 300w, https:\/\/patxilarrainzar.educacion.navarra.es\/web\/wp-content\/uploads\/2020\/01\/206af09e-f91f-4785-a37b-62d453131784-768x432.jpeg 768w, https:\/\/patxilarrainzar.educacion.navarra.es\/web\/wp-content\/uploads\/2020\/01\/206af09e-f91f-4785-a37b-62d453131784-1536x864.jpeg 1536w, https:\/\/patxilarrainzar.educacion.navarra.es\/web\/wp-content\/uploads\/2020\/01\/206af09e-f91f-4785-a37b-62d453131784.jpeg 1600w\" sizes=\"(max-width: 1024px) 100vw, 1024px\" \/><\/figure><\/li><li class=\"blocks-gallery-item\"><figure><img loading=\"lazy\" width=\"1024\" height=\"259\" src=\"https:\/\/patxilarrainzar.educacion.navarra.es\/web\/wp-content\/uploads\/2020\/01\/88dc0fc7-d7d3-49eb-937b-e5569a7f3dca-1024x259.jpeg\" alt=\"\" data-id=\"1563\" data-full-url=\"https:\/\/patxilarrainzar.educacion.navarra.es\/web\/wp-content\/uploads\/2020\/01\/88dc0fc7-d7d3-49eb-937b-e5569a7f3dca.jpeg\" data-link=\"https:\/\/patxilarrainzar.educacion.navarra.es\/web\/blog\/2019\/12\/05\/2020-21-aurrematrikulazioa\/88dc0fc7-d7d3-49eb-937b-e5569a7f3dca\/\" class=\"wp-image-1563\" srcset=\"https:\/\/patxilarrainzar.educacion.navarra.es\/web\/wp-content\/uploads\/2020\/01\/88dc0fc7-d7d3-49eb-937b-e5569a7f3dca-1024x259.jpeg 1024w, https:\/\/patxilarrainzar.educacion.navarra.es\/web\/wp-content\/uploads\/2020\/01\/88dc0fc7-d7d3-49eb-937b-e5569a7f3dca-300x76.jpeg 300w, https:\/\/patxilarrainzar.educacion.navarra.es\/web\/wp-content\/uploads\/2020\/01\/88dc0fc7-d7d3-49eb-937b-e5569a7f3dca-768x194.jpeg 768w, https:\/\/patxilarrainzar.educacion.navarra.es\/web\/wp-content\/uploads\/2020\/01\/88dc0fc7-d7d3-49eb-937b-e5569a7f3dca-1536x388.jpeg 1536w, https:\/\/patxilarrainzar.educacion.navarra.es\/web\/wp-content\/uploads\/2020\/01\/88dc0fc7-d7d3-49eb-937b-e5569a7f3dca.jpeg 1600w\" sizes=\"(max-width: 1024px) 100vw, 1024px\" \/><\/figure><\/li><\/ul><\/figure>\n<figure class=\"wp-block-embed-youtube wp-block-embed is-type-video is-provider-youtube wp-embed-aspect-16-9 wp-has-aspect-ratio\"><div class=\"wp-block-embed__wrapper\">\n<iframe loading=\"lazy\" title=\"EreDu zirraragarria \/ El moDelo que emociona\" width=\"500\" height=\"281\" src=\"https:\/\/www.youtube.com\/embed\/videoseries?list=PLXQSmJrjNp4DCF4ezBn2imVXM1v2Qyc9O\" frameborder=\"0\" allow=\"accelerometer; autoplay; encrypted-media; gyroscope; picture-in-picture\" allowfullscreen><\/iframe>\n<\/div><\/figure>","protected":false},"excerpt":{"rendered":"<p>FECHAS DE PREMATR\u00cdCULA:DEL 3 AL 7 DE FEBRERO Puedes concertar tu cita aqu\u00ed. Y para m\u00e1s informaci\u00f3n aqu\u00ed.<\/p>\n","protected":false},"author":1,"featured_media":0,"comment_status":"closed","ping_status":"closed","sticky":false,"template":"","format":"standard","meta":{"_genesis_hide_title":false,"_genesis_hide_breadcrumbs":false,"_genesis_hide_singular_image":false,"_genesis_hide_footer_widgets":false,"_genesis_custom_body_class":"","_genesis_custom_post_class":"","_genesis_layout":""},"categories":[1],"tags":[],"_links":{"self":[{"href":"https:\/\/patxilarrainzar.educacion.navarra.es\/web\/es\/wp-json\/wp\/v2\/posts\/1444"}],"collection":[{"href":"https:\/\/patxilarrainzar.educacion.navarra.es\/web\/es\/wp-json\/wp\/v2\/posts"}],"about":[{"href":"https:\/\/patxilarrainzar.educacion.navarra.es\/web\/es\/wp-json\/wp\/v2\/types\/post"}],"author":[{"embeddable":true,"href":"https:\/\/patxilarrainzar.educacion.navarra.es\/web\/es\/wp-json\/wp\/v2\/users\/1"}],"replies":[{"embeddable":true,"href":"https:\/\/patxilarrainzar.educacion.navarra.es\/web\/es\/wp-json\/wp\/v2\/comments?post=1444"}],"version-history":[{"count":8,"href":"https:\/\/patxilarrainzar.educacion.navarra.es\/web\/es\/wp-json\/wp\/v2\/posts\/1444\/revisions"}],"predecessor-version":[{"id":1586,"href":"https:\/\/patxilarrainzar.educacion.navarra.es\/web\/es\/wp-json\/wp\/v2\/posts\/1444\/revisions\/1586"}],"wp:attachment":[{"href":"https:\/\/patxilarrainzar.educacion.navarra.es\/web\/es\/wp-json\/wp\/v2\/media?parent=1444"}],"wp:term":[{"taxonomy":"category","embeddable":true,"href":"https:\/\/patxilarrainzar.educacion.navarra.es\/web\/es\/wp-json\/wp\/v2\/categories?post=1444"},{"taxonomy":"post_tag","embeddable":true,"href":"https:\/\/patxilarrainzar.educacion.navarra.es\/web\/es\/wp-json\/wp\/v2\/tags?post=1444"}],"curies":[{"name":"wp","href":"https:\/\/api.w.org\/{rel}","templated":true}]}}