{"id":2392,"date":"2021-04-23T13:48:19","date_gmt":"2021-04-23T11:48:19","guid":{"rendered":"https:\/\/patxilarrainzar.educacion.navarra.es\/web\/?p=2392"},"modified":"2021-04-23T14:14:20","modified_gmt":"2021-04-23T12:14:20","slug":"liburuaren-eguna","status":"publish","type":"post","link":"https:\/\/patxilarrainzar.educacion.navarra.es\/web\/es\/blog\/2021\/04\/23\/liburuaren-eguna\/","title":{"rendered":"D\u00eda del libro"},"content":{"rendered":"\n<p>Como todos los a\u00f1os, este tambi\u00e9n hemos querido celebrar el d\u00eda del libro en nuestra escuela. Todos los cursos del centro han realizado alguna actividad. Aqu\u00ed encontrar\u00e9is un peque\u00f1o resumen.<\/p>\n\n\n\n<figure class=\"wp-block-image\"><a href=\"https:\/\/photos.app.goo.gl\/KZL89ewMo4ron8Vf9\" target=\"_blank\" rel=\"noopener\"><img src=\"https:\/\/lh3.googleusercontent.com\/DDidIpmcF0dgomwBxuXyBA_3B_nYjHx4Ww4jAXGw87Aj2b4v0sD6_hw_-5bJDbMGN8SgE1VsAOwxs950g38OJNGU7x0fXPSMpRZyWiVHF0RtDwNPRUno5oAWO_qgFNgPrcVClU9gbWKZ5Ohh3vKq2PPFgXWVzvzyPUMcG_WukCwhPXYv8FR2eU6gHhLtzkbdq2UiSGWJmKzh_veVkjBzYNZ0B_BexsMqBfXDEKndDQY3tf_Z0BJ5CVXzkYxrgdt0Kp8v8ksj7Iivh77AOFMlgc7PwD8SzykBx4mEo4bgTDgx2jzLt-8ZFbqo0Fnl2_ZXpRN643DVQVBxnAaVz1Q4kIoqy-oBbBcJQ7FK0To1xmiH1BA1Bv7TL9m9v7WVf-qAAlVxnmhuPSBZTGJhxB7DHkxG8Wi4nXXDV9jxRPL7tS-K1jcQ0T2iOC_g5DHI7hjPamXKIr-AA-z1wYhOtQ55ojzCc-oK0R0V8dmr5rlH447DjWQ4zYjNs3-W1RHOWwYwryY49UYrJwkM2XCIDy_IaBRydYrpDQo8fMPLSwyEN5ol0KUTHAxrM1uyhFShHdcQ8QS2spFyr1geSChUaIv8MYxKo41uFXFIWTOqTdmh5aPI4M2hHTwiDjrgFj17pCBNc1ngnbhq65ySa7lA1iWGB-6RNp3sXU7Q5fG4NFr-GgPLOR6S8T9xjKKiFg1MGkE80DWV6x-S01eYYd4m975OMWw=w1216-h912-no?authuser=0\" alt=\"\"\/><\/a><figcaption><strong>Haz clic en la imagen para ver m\u00e1s fotos.<\/strong><\/figcaption><\/figure>\n","protected":false},"excerpt":{"rendered":"<p>Como todos los a\u00f1os, este tambi\u00e9n hemos querido celebrar el d\u00eda del libro en nuestra escuela. Todos los cursos del centro han realizado alguna actividad. Aqu\u00ed encontrar\u00e9is un peque\u00f1o resumen.<\/p>\n","protected":false},"author":1,"featured_media":0,"comment_status":"open","ping_status":"open","sticky":false,"template":"","format":"standard","meta":{"_genesis_hide_title":false,"_genesis_hide_breadcrumbs":false,"_genesis_hide_singular_image":false,"_genesis_hide_footer_widgets":false,"_genesis_custom_body_class":"","_genesis_custom_post_class":"","_genesis_layout":""},"categories":[1],"tags":[],"_links":{"self":[{"href":"https:\/\/patxilarrainzar.educacion.navarra.es\/web\/es\/wp-json\/wp\/v2\/posts\/2392"}],"collection":[{"href":"https:\/\/patxilarrainzar.educacion.navarra.es\/web\/es\/wp-json\/wp\/v2\/posts"}],"about":[{"href":"https:\/\/patxilarrainzar.educacion.navarra.es\/web\/es\/wp-json\/wp\/v2\/types\/post"}],"author":[{"embeddable":true,"href":"https:\/\/patxilarrainzar.educacion.navarra.es\/web\/es\/wp-json\/wp\/v2\/users\/1"}],"replies":[{"embeddable":true,"href":"https:\/\/patxilarrainzar.educacion.navarra.es\/web\/es\/wp-json\/wp\/v2\/comments?post=2392"}],"version-history":[{"count":2,"href":"https:\/\/patxilarrainzar.educacion.navarra.es\/web\/es\/wp-json\/wp\/v2\/posts\/2392\/revisions"}],"predecessor-version":[{"id":2398,"href":"https:\/\/patxilarrainzar.educacion.navarra.es\/web\/es\/wp-json\/wp\/v2\/posts\/2392\/revisions\/2398"}],"wp:attachment":[{"href":"https:\/\/patxilarrainzar.educacion.navarra.es\/web\/es\/wp-json\/wp\/v2\/media?parent=2392"}],"wp:term":[{"taxonomy":"category","embeddable":true,"href":"https:\/\/patxilarrainzar.educacion.navarra.es\/web\/es\/wp-json\/wp\/v2\/categories?post=2392"},{"taxonomy":"post_tag","embeddable":true,"href":"https:\/\/patxilarrainzar.educacion.navarra.es\/web\/es\/wp-json\/wp\/v2\/tags?post=2392"}],"curies":[{"name":"wp","href":"https:\/\/api.w.org\/{rel}","templated":true}]}}