{"id":2501,"date":"2021-06-04T09:37:59","date_gmt":"2021-06-04T07:37:59","guid":{"rendered":"https:\/\/patxilarrainzar.educacion.navarra.es\/web\/blog\/2021\/06\/04\/patioa-alaitzen\/"},"modified":"2021-06-04T09:37:59","modified_gmt":"2021-06-04T07:37:59","slug":"patioa-alaitzen","status":"publish","type":"post","link":"https:\/\/patxilarrainzar.educacion.navarra.es\/web\/es\/blog\/2021\/06\/04\/patioa-alaitzen\/","title":{"rendered":"PATIOA ALAITZEN"},"content":{"rendered":"\n<p>\u00a1\u00a1Por fin ha llegado el momento de poder poner en marcha  la \u00faltima fase del Proyecto de Innovaci\u00f3n Educativa que comenz\u00f3 hace dos cursos!! El alumnado de 4\u00ba de Educaci\u00f3n Primaria est\u00e1 disfrutando mucho con este trabajo. Esperamos darle m\u00e1s vida el patio. <\/p>\n\n<figure class=\"wp-block-image\"><a href=\"https:\/\/photos.app.goo.gl\/2F9789ztjuGf81938\" target=\"_blank\" rel=\"noopener\"><img src=\"https:\/\/lh3.googleusercontent.com\/cp61okhoLb3buZk-OK4ObzUMmZYmVyAIBc9Z-H1HfjLHH2SAKi43Rf2hB5Q8cuuujAzce-HzURnPxv0lKSqb6vqtYsThdc0ybri_kN8xPT8feLLAGOXRNMRdkRF8vMZ7gHa13c7UDSODZ3tS3Pzm5rXHaDHUSAWo29WdW5sHppBldwj6nmMtf0DGjCPJnH2n8AQDwmlK6-dD__7LZNy3JFj795TKMREJt2q4FU9VKrQQP_TYNiOq22eq_hm4P7Sy4a7wqnCpLLzjhe4s6E_8BovIyRoxnp2oPRgpiWonxkFKK3K39lb3CLI75BgkEdHcf8dffTSTMO8eF60feJqnLHJmIT42SV70Px_CPNDEx_qlsrZN_GVZj13hsW4q2inHahtzeGyTSKfzq0XobdIGK0E7wFaQs5quBOBmSHyaU80cbPWghlVFi2rwmgS-_z_Br7YEd90XpGx5oFzDVYRuJFrFTW37IMMJgRH8TV5iwNzpm0Oc_JEexG2M11r4Bgi3TZMLlxeNy4YElAtdrCganovZZTAl32VEblWca34bjtjWXpSzNvwQ1e3mG8qarU4co3kKd1qQ-M_j03681T0Q5tXBBqJV6X-KdYh4lmjEstnbv-KVkwYiOJ3HJ8oVIF9wgrNxDnkQm0ou-XMupzQ_KdcPncQYIe2hIPrX3ApWgOvglgjo6C1IJ5yQov5RRActT3ZVNBMR6PYFWbusMI6x6U0=w1292-h970-no?authuser=0\" alt=\"\"\/><\/a><figcaption><strong>Haz clic en la imagen para ver m\u00e1s fotos.<\/strong><\/figcaption><\/figure>","protected":false},"excerpt":{"rendered":"<p>\u00a1\u00a1Por fin ha llegado el momento de poder poner en marcha la \u00faltima fase del Proyecto de Innovaci\u00f3n Educativa que comenz\u00f3 hace dos cursos!! El alumnado de 4\u00ba de Educaci\u00f3n Primaria est\u00e1 disfrutando mucho con este trabajo. Esperamos darle m\u00e1s vida el patio.<\/p>\n","protected":false},"author":1,"featured_media":0,"comment_status":"open","ping_status":"open","sticky":false,"template":"","format":"standard","meta":{"_genesis_hide_title":false,"_genesis_hide_breadcrumbs":false,"_genesis_hide_singular_image":false,"_genesis_hide_footer_widgets":false,"_genesis_custom_body_class":"","_genesis_custom_post_class":"","_genesis_layout":""},"categories":[1],"tags":[],"_links":{"self":[{"href":"https:\/\/patxilarrainzar.educacion.navarra.es\/web\/es\/wp-json\/wp\/v2\/posts\/2501"}],"collection":[{"href":"https:\/\/patxilarrainzar.educacion.navarra.es\/web\/es\/wp-json\/wp\/v2\/posts"}],"about":[{"href":"https:\/\/patxilarrainzar.educacion.navarra.es\/web\/es\/wp-json\/wp\/v2\/types\/post"}],"author":[{"embeddable":true,"href":"https:\/\/patxilarrainzar.educacion.navarra.es\/web\/es\/wp-json\/wp\/v2\/users\/1"}],"replies":[{"embeddable":true,"href":"https:\/\/patxilarrainzar.educacion.navarra.es\/web\/es\/wp-json\/wp\/v2\/comments?post=2501"}],"version-history":[{"count":1,"href":"https:\/\/patxilarrainzar.educacion.navarra.es\/web\/es\/wp-json\/wp\/v2\/posts\/2501\/revisions"}],"predecessor-version":[{"id":2502,"href":"https:\/\/patxilarrainzar.educacion.navarra.es\/web\/es\/wp-json\/wp\/v2\/posts\/2501\/revisions\/2502"}],"wp:attachment":[{"href":"https:\/\/patxilarrainzar.educacion.navarra.es\/web\/es\/wp-json\/wp\/v2\/media?parent=2501"}],"wp:term":[{"taxonomy":"category","embeddable":true,"href":"https:\/\/patxilarrainzar.educacion.navarra.es\/web\/es\/wp-json\/wp\/v2\/categories?post=2501"},{"taxonomy":"post_tag","embeddable":true,"href":"https:\/\/patxilarrainzar.educacion.navarra.es\/web\/es\/wp-json\/wp\/v2\/tags?post=2501"}],"curies":[{"name":"wp","href":"https:\/\/api.w.org\/{rel}","templated":true}]}}