{"id":2546,"date":"2021-06-21T08:32:21","date_gmt":"2021-06-21T06:32:21","guid":{"rendered":"https:\/\/patxilarrainzar.educacion.navarra.es\/web\/blog\/2021\/06\/21\/valerium-tremens-eta-traganarruak\/"},"modified":"2021-06-21T08:32:21","modified_gmt":"2021-06-21T06:32:21","slug":"valerium-tremens-eta-traganarruak","status":"publish","type":"post","link":"https:\/\/patxilarrainzar.educacion.navarra.es\/web\/es\/blog\/2021\/06\/21\/valerium-tremens-eta-traganarruak\/","title":{"rendered":"Valerium Tremens eta Traganarruak"},"content":{"rendered":"\n<p>Tras la lectura del libro \u00abValerium Tremens y Traganarruak\u00bb, hemos celebrado un encuentro con el escritor. Ha sido muy agradable e interesante conocer c\u00f3mo cre\u00f3 el libro con su hermano y charlar con \u00e9l.<\/p>\n\n<figure class=\"wp-block-image\"><a href=\"https:\/\/photos.app.goo.gl\/JKtQEufdzGTaSMqn8\" target=\"_blank\" rel=\"noopener\"><img src=\"https:\/\/lh3.googleusercontent.com\/pw\/ACtC-3e7naVHTq1zZNc_RhEfgB9nIXRmQCnIbIJdbb7WG00kEtwMui6r6RcguRYXJXK4MhvCTURUeLhA2aMs-wa9EkYtVLDVn7jOeSAx6Fl_7YXHgkeCeKwqKnbDH2UIjLc-JtdC6DG2NOLqtHvll6kWD059=w1296-h969-no?authuser=0\" alt=\"\"\/><\/a><figcaption><strong>Haz clic en la imagen para ver m\u00e1s fotos.<\/strong><\/figcaption><\/figure>","protected":false},"excerpt":{"rendered":"<p>Tras la lectura del libro \u00abValerium Tremens y Traganarruak\u00bb, hemos celebrado un encuentro con el escritor. Ha sido muy agradable e interesante conocer c\u00f3mo cre\u00f3 el libro con su hermano y charlar con \u00e9l.<\/p>\n","protected":false},"author":1,"featured_media":0,"comment_status":"open","ping_status":"open","sticky":false,"template":"","format":"standard","meta":{"_genesis_hide_title":false,"_genesis_hide_breadcrumbs":false,"_genesis_hide_singular_image":false,"_genesis_hide_footer_widgets":false,"_genesis_custom_body_class":"","_genesis_custom_post_class":"","_genesis_layout":""},"categories":[1],"tags":[],"_links":{"self":[{"href":"https:\/\/patxilarrainzar.educacion.navarra.es\/web\/es\/wp-json\/wp\/v2\/posts\/2546"}],"collection":[{"href":"https:\/\/patxilarrainzar.educacion.navarra.es\/web\/es\/wp-json\/wp\/v2\/posts"}],"about":[{"href":"https:\/\/patxilarrainzar.educacion.navarra.es\/web\/es\/wp-json\/wp\/v2\/types\/post"}],"author":[{"embeddable":true,"href":"https:\/\/patxilarrainzar.educacion.navarra.es\/web\/es\/wp-json\/wp\/v2\/users\/1"}],"replies":[{"embeddable":true,"href":"https:\/\/patxilarrainzar.educacion.navarra.es\/web\/es\/wp-json\/wp\/v2\/comments?post=2546"}],"version-history":[{"count":1,"href":"https:\/\/patxilarrainzar.educacion.navarra.es\/web\/es\/wp-json\/wp\/v2\/posts\/2546\/revisions"}],"predecessor-version":[{"id":2547,"href":"https:\/\/patxilarrainzar.educacion.navarra.es\/web\/es\/wp-json\/wp\/v2\/posts\/2546\/revisions\/2547"}],"wp:attachment":[{"href":"https:\/\/patxilarrainzar.educacion.navarra.es\/web\/es\/wp-json\/wp\/v2\/media?parent=2546"}],"wp:term":[{"taxonomy":"category","embeddable":true,"href":"https:\/\/patxilarrainzar.educacion.navarra.es\/web\/es\/wp-json\/wp\/v2\/categories?post=2546"},{"taxonomy":"post_tag","embeddable":true,"href":"https:\/\/patxilarrainzar.educacion.navarra.es\/web\/es\/wp-json\/wp\/v2\/tags?post=2546"}],"curies":[{"name":"wp","href":"https:\/\/api.w.org\/{rel}","templated":true}]}}