{"id":3119,"date":"2022-02-25T15:32:11","date_gmt":"2022-02-25T14:32:11","guid":{"rendered":"https:\/\/patxilarrainzar.educacion.navarra.es\/web\/blog\/2022\/02\/25\/carnaval-2022\/"},"modified":"2022-02-25T15:32:11","modified_gmt":"2022-02-25T14:32:11","slug":"carnaval-2022","status":"publish","type":"post","link":"https:\/\/patxilarrainzar.educacion.navarra.es\/web\/es\/blog\/2022\/02\/25\/carnaval-2022\/","title":{"rendered":"CARNAVAL 2022"},"content":{"rendered":"\n<p>Hace 25 a\u00f1os en el barrio de la Rochapea algunas familias apostaron por el modelo D y desde entonces, queremos rendir homenaje a todas las familias que a\u00f1o tras a\u00f1o han venido al colegio Patxi Larrainzar en los carnavales de este a\u00f1o. Este a\u00f1o todas estas familias no han podido estar con nosotros en el polideportivo y les echamos de menos en las gradas superiores.<\/p>\n\n<p>En los carnavales que celebramos hoy, tomando como punto de partida el logotipo de nuestra escuela, los protagonistas han sido cuatro colores llenos de significado para la escuela Patxi Larrainzar: rojo, azul, verde y naranja.<\/p>\n\n<p>Aqu\u00ed ten\u00e9is el v\u00eddeo y las fotos del d\u00eda de hoy:<\/p>\n\n<figure class=\"wp-block-embed is-type-video is-provider-youtube wp-block-embed-youtube wp-embed-aspect-16-9 wp-has-aspect-ratio\"><div class=\"wp-block-embed__wrapper\">\r\n<iframe loading=\"lazy\" title=\"2022ko INAUTERIAK\" width=\"500\" height=\"281\" src=\"https:\/\/www.youtube.com\/embed\/qjOXUVFJe4Y?feature=oembed\" frameborder=\"0\" allow=\"accelerometer; autoplay; clipboard-write; encrypted-media; gyroscope; picture-in-picture\" allowfullscreen><\/iframe>\r\n<\/div><\/figure>\r\n\n<figure class=\"wp-block-image\"><a href=\"https:\/\/photos.app.goo.gl\/ctQpHxpwJMUHswTv6\" target=\"_blank\" rel=\"noopener\"><img src=\"https:\/\/lh3.googleusercontent.com\/QPjBIoAIoWcm78-JX5Cz-AzOgQWsG2_5LvmyV-skXqAiq3DRrSMaiwNExvLzbCthjxYf9rcIO_xkD5_uUmeWiTpRBfGnnNs-jfUkhzwxA-Aa7lYfhZ4wlkX2IItQcfrzrPn04YgVckKS4_7agfZqHWyVloTEz3AlbtHl-Bm9NLE1pkdBOVxy4ecUnPCc8B57qzIRM1PlGIW1ySd0KNZ81kRV0J8eSDkHw0ZnsYYusaK8svndbbvQ_91S1IdKyhuZeCHJElYQ6cw5yLgPJkaFVEwhSNf63RLn5py93qFeQctt7OdPzfa6jdJiXHEmCFxL4XQDVFPsxDk8YsV5JV5CQ9KVzCao-koXaBiIzu6CsHaVvDb4qeZ5pnHgQ5iKPq1Rs-nn-lBfwkRGKg6HVUyPAbGBPtxSGYWZNVDdcTDOIJVd0yIAeIcdtHX_4f730YfFvmRuo46dZCePm6Ma3KC2xE8R2dBWGRwHT4ziCy5TWZxJzwOLYXYjzlNqlI0U8MZGhI1ckWkgxMHpfKYrJjhcCd3C0h-u2l6O3QCqWJ6hLudZVhXrAdHvRb5mv8w4CLDFCZkbOOTv5_8vGodW1QQ8WUkFDtBHxJW3XhAUCnWtPiPM19DJxME9HUmM4g4quV0WQo3AGL1CKzDZY47b0gc-u3QnPtq2dPxi_HXo5gw9s6r0NbAh0wO6OPNgcdTxaKVGg5XzjOkwiAkNy-Xin_R9p2nJ=w1382-h937-no?authuser=0\" alt=\"\"\/><\/a><figcaption><strong>Haz clic en la imagen para ver m\u00e1s fotos.<\/strong><\/figcaption><\/figure>","protected":false},"excerpt":{"rendered":"<p>Hace 25 a\u00f1os en el barrio de la Rochapea algunas familias apostaron por el modelo D y desde entonces, queremos rendir homenaje a todas las familias que a\u00f1o tras a\u00f1o han venido al colegio Patxi Larrainzar en los carnavales de este a\u00f1o. Este a\u00f1o todas estas familias no han podido estar con nosotros en el [&hellip;]<\/p>\n","protected":false},"author":1,"featured_media":0,"comment_status":"open","ping_status":"open","sticky":false,"template":"","format":"standard","meta":{"_genesis_hide_title":false,"_genesis_hide_breadcrumbs":false,"_genesis_hide_singular_image":false,"_genesis_hide_footer_widgets":false,"_genesis_custom_body_class":"","_genesis_custom_post_class":"","_genesis_layout":""},"categories":[1],"tags":[],"_links":{"self":[{"href":"https:\/\/patxilarrainzar.educacion.navarra.es\/web\/es\/wp-json\/wp\/v2\/posts\/3119"}],"collection":[{"href":"https:\/\/patxilarrainzar.educacion.navarra.es\/web\/es\/wp-json\/wp\/v2\/posts"}],"about":[{"href":"https:\/\/patxilarrainzar.educacion.navarra.es\/web\/es\/wp-json\/wp\/v2\/types\/post"}],"author":[{"embeddable":true,"href":"https:\/\/patxilarrainzar.educacion.navarra.es\/web\/es\/wp-json\/wp\/v2\/users\/1"}],"replies":[{"embeddable":true,"href":"https:\/\/patxilarrainzar.educacion.navarra.es\/web\/es\/wp-json\/wp\/v2\/comments?post=3119"}],"version-history":[{"count":1,"href":"https:\/\/patxilarrainzar.educacion.navarra.es\/web\/es\/wp-json\/wp\/v2\/posts\/3119\/revisions"}],"predecessor-version":[{"id":3120,"href":"https:\/\/patxilarrainzar.educacion.navarra.es\/web\/es\/wp-json\/wp\/v2\/posts\/3119\/revisions\/3120"}],"wp:attachment":[{"href":"https:\/\/patxilarrainzar.educacion.navarra.es\/web\/es\/wp-json\/wp\/v2\/media?parent=3119"}],"wp:term":[{"taxonomy":"category","embeddable":true,"href":"https:\/\/patxilarrainzar.educacion.navarra.es\/web\/es\/wp-json\/wp\/v2\/categories?post=3119"},{"taxonomy":"post_tag","embeddable":true,"href":"https:\/\/patxilarrainzar.educacion.navarra.es\/web\/es\/wp-json\/wp\/v2\/tags?post=3119"}],"curies":[{"name":"wp","href":"https:\/\/api.w.org\/{rel}","templated":true}]}}