{"id":3250,"date":"2022-04-27T13:16:12","date_gmt":"2022-04-27T11:16:12","guid":{"rendered":"https:\/\/patxilarrainzar.educacion.navarra.es\/web\/blog\/2022\/04\/27\/liburuaren-eguna-2\/"},"modified":"2022-04-27T13:16:12","modified_gmt":"2022-04-27T11:16:12","slug":"liburuaren-eguna-2","status":"publish","type":"post","link":"https:\/\/patxilarrainzar.educacion.navarra.es\/web\/es\/blog\/2022\/04\/27\/liburuaren-eguna-2\/","title":{"rendered":"Liburuaren eguna"},"content":{"rendered":"\n<p>El 23 de abril se celebr\u00f3 el D\u00eda del Libro y para celebrar el d\u00eda en la escuela, organizamos una actividad especial. El alumnado se llev\u00f3 a casa un libro de un\/una compa\u00f1era de clase para leerlo durante las vacaciones.&#13;\n<\/p>\n\n<p>\u00a1Disfrutamos much\u00edsimo de la lectura!<\/p>\n\n<p><\/p>\n\n<figure class=\"wp-block-image size-large\"><a href=\"https:\/\/patxilarrainzar.educacion.navarra.es\/web\/wp-content\/uploads\/2022\/04\/IMG-20220427-WA0009-scaled.jpeg\"><img loading=\"lazy\" width=\"1024\" height=\"576\" src=\"https:\/\/patxilarrainzar.educacion.navarra.es\/web\/wp-content\/uploads\/2022\/04\/IMG-20220427-WA0009-1024x576.jpeg\" alt=\"\" class=\"wp-image-3248\" srcset=\"https:\/\/patxilarrainzar.educacion.navarra.es\/web\/wp-content\/uploads\/2022\/04\/IMG-20220427-WA0009-1024x576.jpeg 1024w, https:\/\/patxilarrainzar.educacion.navarra.es\/web\/wp-content\/uploads\/2022\/04\/IMG-20220427-WA0009-300x169.jpeg 300w, https:\/\/patxilarrainzar.educacion.navarra.es\/web\/wp-content\/uploads\/2022\/04\/IMG-20220427-WA0009-768x432.jpeg 768w, https:\/\/patxilarrainzar.educacion.navarra.es\/web\/wp-content\/uploads\/2022\/04\/IMG-20220427-WA0009-1536x864.jpeg 1536w, https:\/\/patxilarrainzar.educacion.navarra.es\/web\/wp-content\/uploads\/2022\/04\/IMG-20220427-WA0009-2048x1152.jpeg 2048w\" sizes=\"(max-width: 1024px) 100vw, 1024px\" \/><\/a><\/figure>","protected":false},"excerpt":{"rendered":"<p>El 23 de abril se celebr\u00f3 el D\u00eda del Libro y para celebrar el d\u00eda en la escuela, organizamos una actividad especial. El alumnado se llev\u00f3 a casa un libro de un\/una compa\u00f1era de clase para leerlo durante las vacaciones.&#13; \u00a1Disfrutamos much\u00edsimo de la lectura!<\/p>\n","protected":false},"author":1,"featured_media":0,"comment_status":"open","ping_status":"open","sticky":false,"template":"","format":"standard","meta":{"_genesis_hide_title":false,"_genesis_hide_breadcrumbs":false,"_genesis_hide_singular_image":false,"_genesis_hide_footer_widgets":false,"_genesis_custom_body_class":"","_genesis_custom_post_class":"","_genesis_layout":""},"categories":[1],"tags":[],"_links":{"self":[{"href":"https:\/\/patxilarrainzar.educacion.navarra.es\/web\/es\/wp-json\/wp\/v2\/posts\/3250"}],"collection":[{"href":"https:\/\/patxilarrainzar.educacion.navarra.es\/web\/es\/wp-json\/wp\/v2\/posts"}],"about":[{"href":"https:\/\/patxilarrainzar.educacion.navarra.es\/web\/es\/wp-json\/wp\/v2\/types\/post"}],"author":[{"embeddable":true,"href":"https:\/\/patxilarrainzar.educacion.navarra.es\/web\/es\/wp-json\/wp\/v2\/users\/1"}],"replies":[{"embeddable":true,"href":"https:\/\/patxilarrainzar.educacion.navarra.es\/web\/es\/wp-json\/wp\/v2\/comments?post=3250"}],"version-history":[{"count":1,"href":"https:\/\/patxilarrainzar.educacion.navarra.es\/web\/es\/wp-json\/wp\/v2\/posts\/3250\/revisions"}],"predecessor-version":[{"id":3251,"href":"https:\/\/patxilarrainzar.educacion.navarra.es\/web\/es\/wp-json\/wp\/v2\/posts\/3250\/revisions\/3251"}],"wp:attachment":[{"href":"https:\/\/patxilarrainzar.educacion.navarra.es\/web\/es\/wp-json\/wp\/v2\/media?parent=3250"}],"wp:term":[{"taxonomy":"category","embeddable":true,"href":"https:\/\/patxilarrainzar.educacion.navarra.es\/web\/es\/wp-json\/wp\/v2\/categories?post=3250"},{"taxonomy":"post_tag","embeddable":true,"href":"https:\/\/patxilarrainzar.educacion.navarra.es\/web\/es\/wp-json\/wp\/v2\/tags?post=3250"}],"curies":[{"name":"wp","href":"https:\/\/api.w.org\/{rel}","templated":true}]}}