{"id":3538,"date":"2022-10-25T16:30:27","date_gmt":"2022-10-25T14:30:27","guid":{"rendered":"https:\/\/patxilarrainzar.educacion.navarra.es\/web\/blog\/2022\/10\/25\/patxi-larrainzar-nesken-futbol-taldea\/"},"modified":"2022-10-26T10:20:51","modified_gmt":"2022-10-26T08:20:51","slug":"patxi-larrainzar-nesken-futbol-taldea","status":"publish","type":"post","link":"https:\/\/patxilarrainzar.educacion.navarra.es\/web\/es\/blog\/2022\/10\/25\/patxi-larrainzar-nesken-futbol-taldea\/","title":{"rendered":"Patxi Larrainzar nesken futbol taldea"},"content":{"rendered":"\n<p>Este s\u00e1bado comenz\u00f3 la liga de f\u00fatbol txiki en la que este a\u00f1o toma parte el primer equipo completo femenino de nuestra escuela. Las chicas de 3\u00b0 y 4\u00b0 primaria y sus entrenador@s, antigu@s alumn@s  del centro, salieron al campo con mucha fuerza e ilusi\u00f3n acompa\u00f1adas de una grada llena de familias de la escuela a las que ilusionaron con su juego.&#13;\nEsperamos que sea un a\u00f1o de mucho disfrute para el equipo. &#13;\n&#13;\n<\/p>\n\n<p>Aupa Patxi Larrainzar futbito nesken taldea!<\/p>\n\n<figure class=\"wp-block-image size-large\"><a href=\"https:\/\/patxilarrainzar.educacion.navarra.es\/web\/wp-content\/uploads\/2022\/10\/IMG-20221025-WA0003-1-1-1024x771.jpg\"><img loading=\"lazy\" width=\"1024\" height=\"771\" src=\"https:\/\/patxilarrainzar.educacion.navarra.es\/web\/wp-content\/uploads\/2022\/10\/IMG-20221025-WA0003-1-1-1024x771.jpg\" alt=\"\" class=\"wp-image-3533\" srcset=\"https:\/\/patxilarrainzar.educacion.navarra.es\/web\/wp-content\/uploads\/2022\/10\/IMG-20221025-WA0003-1-1-1024x771.jpg 1024w, https:\/\/patxilarrainzar.educacion.navarra.es\/web\/wp-content\/uploads\/2022\/10\/IMG-20221025-WA0003-1-1-300x226.jpg 300w, https:\/\/patxilarrainzar.educacion.navarra.es\/web\/wp-content\/uploads\/2022\/10\/IMG-20221025-WA0003-1-1-768x578.jpg 768w, https:\/\/patxilarrainzar.educacion.navarra.es\/web\/wp-content\/uploads\/2022\/10\/IMG-20221025-WA0003-1-1-1536x1156.jpg 1536w, https:\/\/patxilarrainzar.educacion.navarra.es\/web\/wp-content\/uploads\/2022\/10\/IMG-20221025-WA0003-1-1.jpg 1600w\" sizes=\"(max-width: 1024px) 100vw, 1024px\" \/><\/a><\/figure>\n<figure class=\"wp-block-image size-large\"><a href=\"https:\/\/patxilarrainzar.educacion.navarra.es\/web\/wp-content\/uploads\/2022\/10\/IMG-20221025-WA0004-1-1024x751.jpg\"><img loading=\"lazy\" width=\"1024\" height=\"751\" src=\"https:\/\/patxilarrainzar.educacion.navarra.es\/web\/wp-content\/uploads\/2022\/10\/IMG-20221025-WA0004-1-1024x751.jpg\" alt=\"\" class=\"wp-image-3535\" srcset=\"https:\/\/patxilarrainzar.educacion.navarra.es\/web\/wp-content\/uploads\/2022\/10\/IMG-20221025-WA0004-1-1024x751.jpg 1024w, https:\/\/patxilarrainzar.educacion.navarra.es\/web\/wp-content\/uploads\/2022\/10\/IMG-20221025-WA0004-1-300x220.jpg 300w, https:\/\/patxilarrainzar.educacion.navarra.es\/web\/wp-content\/uploads\/2022\/10\/IMG-20221025-WA0004-1-768x563.jpg 768w, https:\/\/patxilarrainzar.educacion.navarra.es\/web\/wp-content\/uploads\/2022\/10\/IMG-20221025-WA0004-1-1536x1127.jpg 1536w, https:\/\/patxilarrainzar.educacion.navarra.es\/web\/wp-content\/uploads\/2022\/10\/IMG-20221025-WA0004-1.jpg 2048w\" sizes=\"(max-width: 1024px) 100vw, 1024px\" \/><\/a><\/figure>","protected":false},"excerpt":{"rendered":"<p>Este s\u00e1bado comenz\u00f3 la liga de f\u00fatbol txiki en la que este a\u00f1o toma parte el primer equipo completo femenino de nuestra escuela. Las chicas de 3\u00b0 y 4\u00b0 primaria y sus entrenador@s, antigu@s alumn@s del centro, salieron al campo con mucha fuerza e ilusi\u00f3n acompa\u00f1adas de una grada llena de familias de la escuela [&hellip;]<\/p>\n","protected":false},"author":1,"featured_media":0,"comment_status":"open","ping_status":"open","sticky":false,"template":"","format":"standard","meta":{"_genesis_hide_title":false,"_genesis_hide_breadcrumbs":false,"_genesis_hide_singular_image":false,"_genesis_hide_footer_widgets":false,"_genesis_custom_body_class":"","_genesis_custom_post_class":"","_genesis_layout":""},"categories":[1],"tags":[],"_links":{"self":[{"href":"https:\/\/patxilarrainzar.educacion.navarra.es\/web\/es\/wp-json\/wp\/v2\/posts\/3538"}],"collection":[{"href":"https:\/\/patxilarrainzar.educacion.navarra.es\/web\/es\/wp-json\/wp\/v2\/posts"}],"about":[{"href":"https:\/\/patxilarrainzar.educacion.navarra.es\/web\/es\/wp-json\/wp\/v2\/types\/post"}],"author":[{"embeddable":true,"href":"https:\/\/patxilarrainzar.educacion.navarra.es\/web\/es\/wp-json\/wp\/v2\/users\/1"}],"replies":[{"embeddable":true,"href":"https:\/\/patxilarrainzar.educacion.navarra.es\/web\/es\/wp-json\/wp\/v2\/comments?post=3538"}],"version-history":[{"count":3,"href":"https:\/\/patxilarrainzar.educacion.navarra.es\/web\/es\/wp-json\/wp\/v2\/posts\/3538\/revisions"}],"predecessor-version":[{"id":3543,"href":"https:\/\/patxilarrainzar.educacion.navarra.es\/web\/es\/wp-json\/wp\/v2\/posts\/3538\/revisions\/3543"}],"wp:attachment":[{"href":"https:\/\/patxilarrainzar.educacion.navarra.es\/web\/es\/wp-json\/wp\/v2\/media?parent=3538"}],"wp:term":[{"taxonomy":"category","embeddable":true,"href":"https:\/\/patxilarrainzar.educacion.navarra.es\/web\/es\/wp-json\/wp\/v2\/categories?post=3538"},{"taxonomy":"post_tag","embeddable":true,"href":"https:\/\/patxilarrainzar.educacion.navarra.es\/web\/es\/wp-json\/wp\/v2\/tags?post=3538"}],"curies":[{"name":"wp","href":"https:\/\/api.w.org\/{rel}","templated":true}]}}