{"id":4326,"date":"2023-07-04T08:07:55","date_gmt":"2023-07-04T06:07:55","guid":{"rendered":"https:\/\/patxilarrainzar.educacion.navarra.es\/web\/blog\/2023\/07\/04\/4326\/"},"modified":"2023-08-28T09:03:03","modified_gmt":"2023-08-28T07:03:03","slug":"4326","status":"publish","type":"post","link":"https:\/\/patxilarrainzar.educacion.navarra.es\/web\/es\/blog\/2023\/07\/04\/4326\/","title":{"rendered":""},"content":{"rendered":"\n<p>Este a\u00f1o hemos homenajeado a nuestra compa\u00f1era F\u00e1tima, que se jubila. Muchas gracias, F\u00e1tima, en nombre de la escuela Patxi Larrainzar y \u00a1disfruta del recorrido de aqu\u00ed en adelante!<\/p>\n\n<figure class=\"wp-block-image\"><a href=\"https:\/\/photos.app.goo.gl\/mgvfAUc4gdGP6Ba86\" target=\"_blank\" rel=\"noopener\"><img src=\"https:\/\/lh3.googleusercontent.com\/pw\/AIL4fc9NjKoG7_qvMdHAeQVGk7aLUhWUljUrO__oaxT_yy3DNP6mL2Rq5lfD-ttHZyu86rJSsWmipUWTMOxiN8BTGp9VgUNtAiiXuIuMarUj9PRGSMZYxH6dWhAJPlVUowkXPnHay77D3ZxkNAZhrsP5oIwsnigh__6jYtdpIqaer7XTzMxdHVpG7SVnqJp1ZRz1ZjnjsU6iGr65-VI87R4YnNZFaNHbxxCKUFoSSWc3gMdAqd8QzGbeCDpFYO0PRU2p1TL5risNsxQsGyoYLs61JjDUTU5zW28WxTM-EGApw4pcIgL37ziH3gj3FqMQ91JapR6o67I7dTznGmMAGXrrTb9JirjDGGWYPvaRDIgLydwth0fC5GX8LD_asku3kzt2WbuHOpDvPUYHaCtK9mFN37xx1vMtcmazfQvJWNL75STxaVo1hhHdx9FYiTZtsFFgef20_BarZ-ZM0mFw4WeUwPQom-ctjKVx4IA1GvOpIs8Gwl4DzhIxjTfj4I_Xk0mSrwcL7ZYJvwFewbUV3pA-slga0ijreUo66zbP2GRV_YXvSx901dc02DsB498maag9gDl8Uby738Zc5Bm1cYxWbpUAwdbwxxolG6yCJTpoX9Kkxg1_qZdol-WLut1P99Nwa1xGX3A28JoH3bngp7dvwcwKE0qcFp2MHB8I2fRVB8HOvHoJSWYlBpi2lPhdW0zHYVrg9ATrELnj3xCt7ImdaX1BvdBpJvd8dQrbjfidks_XxT_b_6iLgts0iK3N9hQ5puqDHI-xsQfdzVDRInpGhY6l1rrUPzvBQYMgmfk74eoRnnjCktRvo0pYPgy_M7MkmYYl7lWZMzjY9W80VDTB70k2ebtT1lIkjRby7yiWgYynieU550aFpjl67Oz1kCX5qfGEaQ9ZjZSp3SVX7qikgHtMag=w722-h963-s-no?authuser=0\" alt=\"\"\/><\/a><figcaption>Haz clic en la imagen para ver m\u00e1s fotos.<\/figcaption><\/figure>","protected":false},"excerpt":{"rendered":"<p>Este a\u00f1o hemos homenajeado a nuestra compa\u00f1era F\u00e1tima, que se jubila. Muchas gracias, F\u00e1tima, en nombre de la escuela Patxi Larrainzar y \u00a1disfruta del recorrido de aqu\u00ed en adelante!<\/p>\n","protected":false},"author":1,"featured_media":0,"comment_status":"open","ping_status":"open","sticky":false,"template":"","format":"standard","meta":{"_genesis_hide_title":false,"_genesis_hide_breadcrumbs":false,"_genesis_hide_singular_image":false,"_genesis_hide_footer_widgets":false,"_genesis_custom_body_class":"","_genesis_custom_post_class":"","_genesis_layout":""},"categories":[1],"tags":[],"_links":{"self":[{"href":"https:\/\/patxilarrainzar.educacion.navarra.es\/web\/es\/wp-json\/wp\/v2\/posts\/4326"}],"collection":[{"href":"https:\/\/patxilarrainzar.educacion.navarra.es\/web\/es\/wp-json\/wp\/v2\/posts"}],"about":[{"href":"https:\/\/patxilarrainzar.educacion.navarra.es\/web\/es\/wp-json\/wp\/v2\/types\/post"}],"author":[{"embeddable":true,"href":"https:\/\/patxilarrainzar.educacion.navarra.es\/web\/es\/wp-json\/wp\/v2\/users\/1"}],"replies":[{"embeddable":true,"href":"https:\/\/patxilarrainzar.educacion.navarra.es\/web\/es\/wp-json\/wp\/v2\/comments?post=4326"}],"version-history":[{"count":2,"href":"https:\/\/patxilarrainzar.educacion.navarra.es\/web\/es\/wp-json\/wp\/v2\/posts\/4326\/revisions"}],"predecessor-version":[{"id":4336,"href":"https:\/\/patxilarrainzar.educacion.navarra.es\/web\/es\/wp-json\/wp\/v2\/posts\/4326\/revisions\/4336"}],"wp:attachment":[{"href":"https:\/\/patxilarrainzar.educacion.navarra.es\/web\/es\/wp-json\/wp\/v2\/media?parent=4326"}],"wp:term":[{"taxonomy":"category","embeddable":true,"href":"https:\/\/patxilarrainzar.educacion.navarra.es\/web\/es\/wp-json\/wp\/v2\/categories?post=4326"},{"taxonomy":"post_tag","embeddable":true,"href":"https:\/\/patxilarrainzar.educacion.navarra.es\/web\/es\/wp-json\/wp\/v2\/tags?post=4326"}],"curies":[{"name":"wp","href":"https:\/\/api.w.org\/{rel}","templated":true}]}}