{"id":4894,"date":"2024-04-25T11:37:43","date_gmt":"2024-04-25T09:37:43","guid":{"rendered":"https:\/\/patxilarrainzar.educacion.navarra.es\/web\/blog\/2024\/04\/25\/elkartruke-5oc-ep-3ob-ei\/"},"modified":"2024-04-25T11:37:44","modified_gmt":"2024-04-25T09:37:44","slug":"elkartruke-5oc-ep-3ob-ei","status":"publish","type":"post","link":"https:\/\/patxilarrainzar.educacion.navarra.es\/web\/es\/blog\/2024\/04\/25\/elkartruke-5oc-ep-3ob-ei\/","title":{"rendered":"ELKARTRUKE &#8211; 5\u00baC EP &#8211; 3\u00baB EI"},"content":{"rendered":"\n<p>Esta semana como estamos celebrando la semana del libro en el colegio, en la sesi\u00f3n de elkartruke han tenido la oportunidad de compartir un momento de lectura con sus parejas. Los mayores le han le\u00eddo un libro a los peques. Hemos estado muy a gusto y hemos disfrutado un much\u00edsimo. &#13;\nHasta la pr\u00f3xima! <\/p>\n\n<figure class=\"wp-block-image\"><a href=\"https:\/\/photos.app.goo.gl\/rftA2ZTttTZkL8YS6\" target=\"_blank\" rel=\"noopener\"><img src=\"https:\/\/lh3.googleusercontent.com\/pw\/AP1GczMsD2UK1g-7mtH4uhmHD8e-74J-J0M3SZ4FmWRkxHb-Yqav4WScAAtoA-RwAflzMTCrKSASJ3swsOBO0hua4L01ZylEwX-EaT_ONnv6Bs-eEEIPLfRjksNihN8Ql_RvBP_0z0Qgv4na_Sa-2JHs6PfN=w1259-h945-s-no-gm?authuser=0\" alt=\"\"\/><\/a><figcaption>Haz clic en la imagen para ver m\u00e1s fotos.<\/figcaption><\/figure>","protected":false},"excerpt":{"rendered":"<p>Esta semana como estamos celebrando la semana del libro en el colegio, en la sesi\u00f3n de elkartruke han tenido la oportunidad de compartir un momento de lectura con sus parejas. Los mayores le han le\u00eddo un libro a los peques. Hemos estado muy a gusto y hemos disfrutado un much\u00edsimo. &#13; Hasta la pr\u00f3xima!<\/p>\n","protected":false},"author":1,"featured_media":0,"comment_status":"open","ping_status":"open","sticky":false,"template":"","format":"standard","meta":{"_genesis_hide_title":false,"_genesis_hide_breadcrumbs":false,"_genesis_hide_singular_image":false,"_genesis_hide_footer_widgets":false,"_genesis_custom_body_class":"","_genesis_custom_post_class":"","_genesis_layout":""},"categories":[1],"tags":[],"_links":{"self":[{"href":"https:\/\/patxilarrainzar.educacion.navarra.es\/web\/es\/wp-json\/wp\/v2\/posts\/4894"}],"collection":[{"href":"https:\/\/patxilarrainzar.educacion.navarra.es\/web\/es\/wp-json\/wp\/v2\/posts"}],"about":[{"href":"https:\/\/patxilarrainzar.educacion.navarra.es\/web\/es\/wp-json\/wp\/v2\/types\/post"}],"author":[{"embeddable":true,"href":"https:\/\/patxilarrainzar.educacion.navarra.es\/web\/es\/wp-json\/wp\/v2\/users\/1"}],"replies":[{"embeddable":true,"href":"https:\/\/patxilarrainzar.educacion.navarra.es\/web\/es\/wp-json\/wp\/v2\/comments?post=4894"}],"version-history":[{"count":1,"href":"https:\/\/patxilarrainzar.educacion.navarra.es\/web\/es\/wp-json\/wp\/v2\/posts\/4894\/revisions"}],"predecessor-version":[{"id":4895,"href":"https:\/\/patxilarrainzar.educacion.navarra.es\/web\/es\/wp-json\/wp\/v2\/posts\/4894\/revisions\/4895"}],"wp:attachment":[{"href":"https:\/\/patxilarrainzar.educacion.navarra.es\/web\/es\/wp-json\/wp\/v2\/media?parent=4894"}],"wp:term":[{"taxonomy":"category","embeddable":true,"href":"https:\/\/patxilarrainzar.educacion.navarra.es\/web\/es\/wp-json\/wp\/v2\/categories?post=4894"},{"taxonomy":"post_tag","embeddable":true,"href":"https:\/\/patxilarrainzar.educacion.navarra.es\/web\/es\/wp-json\/wp\/v2\/tags?post=4894"}],"curies":[{"name":"wp","href":"https:\/\/api.w.org\/{rel}","templated":true}]}}