{"id":5427,"date":"2025-05-19T13:47:25","date_gmt":"2025-05-19T11:47:25","guid":{"rendered":"https:\/\/patxilarrainzar.educacion.navarra.es\/web\/blog\/2025\/05\/19\/euskaraldia-2025\/"},"modified":"2025-05-19T13:47:26","modified_gmt":"2025-05-19T11:47:26","slug":"euskaraldia-2025","status":"publish","type":"post","link":"https:\/\/patxilarrainzar.educacion.navarra.es\/web\/es\/blog\/2025\/05\/19\/euskaraldia-2025\/","title":{"rendered":"EUSKARALDIA 2025"},"content":{"rendered":"\n<p>Queremos recordaros que Euskaraldia 2025 ya est\u00e1 en marcha y se extender\u00e1 hasta el 25 de mayo. \u00a1Es el momento perfecto para participar y darle un impulso al uso del euskera en nuestro d\u00eda a d\u00eda!<br\/><br\/>Como sab\u00e9is, Euskaraldia es una iniciativa que nos invita a cambiar nuestros h\u00e1bitos ling\u00fc\u00edsticos de forma activa y divertida.<span style=\"color: #ff0000;\">\u00a0<\/span><br\/><br\/><span style=\"color: #333333;\">En nuestra escuela, estamos viviendo Euskaraldia con mucha ilusi\u00f3n y nos encantar\u00eda que toda la comunidad educativa se sumara a esta ola de euskera. Es una oportunidad \u00fanica para que vuestros hijos e hijas vean el euskera como una lengua viva y \u00fatil, y para que todos juntos contribuyamos a su normalizaci\u00f3n.<\/span><br\/><span style=\"color: #333333;\">&#13;\n<\/span>\u00a1Animaos!<\/p>\n\n<p><a href=\"https:\/\/euskaraldia.eus\/\" target=\"_blank\" rel=\"noreferrer noopener\">EUSKARALDIA<\/a><\/p>\n\n<figure class=\"wp-block-image size-full\"><a href=\"https:\/\/patxilarrainzar.educacion.navarra.es\/web\/wp-content\/uploads\/2025\/05\/image.png\"><img loading=\"lazy\" width=\"480\" height=\"737\" src=\"https:\/\/patxilarrainzar.educacion.navarra.es\/web\/wp-content\/uploads\/2025\/05\/image.png\" alt=\"\" class=\"wp-image-5424\" srcset=\"https:\/\/patxilarrainzar.educacion.navarra.es\/web\/wp-content\/uploads\/2025\/05\/image.png 480w, https:\/\/patxilarrainzar.educacion.navarra.es\/web\/wp-content\/uploads\/2025\/05\/image-195x300.png 195w\" sizes=\"(max-width: 480px) 100vw, 480px\" \/><\/a><\/figure>","protected":false},"excerpt":{"rendered":"<p>Queremos recordaros que Euskaraldia 2025 ya est\u00e1 en marcha y se extender\u00e1 hasta el 25 de mayo. \u00a1Es el momento perfecto para participar y darle un impulso al uso del euskera en nuestro d\u00eda a d\u00eda! Como sab\u00e9is, Euskaraldia es una iniciativa que nos invita a cambiar nuestros h\u00e1bitos ling\u00fc\u00edsticos de forma activa y divertida.\u00a0 [&hellip;]<\/p>\n","protected":false},"author":1,"featured_media":0,"comment_status":"open","ping_status":"open","sticky":false,"template":"","format":"standard","meta":{"_genesis_hide_title":false,"_genesis_hide_breadcrumbs":false,"_genesis_hide_singular_image":false,"_genesis_hide_footer_widgets":false,"_genesis_custom_body_class":"","_genesis_custom_post_class":"","_genesis_layout":""},"categories":[1],"tags":[],"_links":{"self":[{"href":"https:\/\/patxilarrainzar.educacion.navarra.es\/web\/es\/wp-json\/wp\/v2\/posts\/5427"}],"collection":[{"href":"https:\/\/patxilarrainzar.educacion.navarra.es\/web\/es\/wp-json\/wp\/v2\/posts"}],"about":[{"href":"https:\/\/patxilarrainzar.educacion.navarra.es\/web\/es\/wp-json\/wp\/v2\/types\/post"}],"author":[{"embeddable":true,"href":"https:\/\/patxilarrainzar.educacion.navarra.es\/web\/es\/wp-json\/wp\/v2\/users\/1"}],"replies":[{"embeddable":true,"href":"https:\/\/patxilarrainzar.educacion.navarra.es\/web\/es\/wp-json\/wp\/v2\/comments?post=5427"}],"version-history":[{"count":1,"href":"https:\/\/patxilarrainzar.educacion.navarra.es\/web\/es\/wp-json\/wp\/v2\/posts\/5427\/revisions"}],"predecessor-version":[{"id":5428,"href":"https:\/\/patxilarrainzar.educacion.navarra.es\/web\/es\/wp-json\/wp\/v2\/posts\/5427\/revisions\/5428"}],"wp:attachment":[{"href":"https:\/\/patxilarrainzar.educacion.navarra.es\/web\/es\/wp-json\/wp\/v2\/media?parent=5427"}],"wp:term":[{"taxonomy":"category","embeddable":true,"href":"https:\/\/patxilarrainzar.educacion.navarra.es\/web\/es\/wp-json\/wp\/v2\/categories?post=5427"},{"taxonomy":"post_tag","embeddable":true,"href":"https:\/\/patxilarrainzar.educacion.navarra.es\/web\/es\/wp-json\/wp\/v2\/tags?post=5427"}],"curies":[{"name":"wp","href":"https:\/\/api.w.org\/{rel}","templated":true}]}}