{"id":565,"date":"2018-09-10T09:30:25","date_gmt":"2018-09-10T07:30:25","guid":{"rendered":"http:\/\/patxilarrainzar.educacion.navarra.es\/web\/?p=565"},"modified":"2018-09-14T11:03:37","modified_gmt":"2018-09-14T09:03:37","slug":"calendario-2018-19","status":"publish","type":"post","link":"https:\/\/patxilarrainzar.educacion.navarra.es\/web\/es\/blog\/2018\/09\/10\/calendario-2018-19\/","title":{"rendered":"CALENDARIO 2018\/19"},"content":{"rendered":"<p>Haz clic en la imagen para descargar el calendario del curso 18\/19.<\/p>\n<p>ATENCI\u00d3N: Como el curso ha empezado un d\u00eda m\u00e1s tarde, tambi\u00e9n acabar\u00e1 un d\u00eda despu\u00e9s de lo previsto inicialmente (acabar\u00e1 el 24 de junio).<\/p>\n<p><a href=\"http:\/\/patxilarrainzar.educacion.navarra.es\/web\/wp-content\/uploads\/2018\/09\/18-19-EGUTEGIA.pdf\" target=\"_blank\" rel=\"noopener\"><img loading=\"lazy\" class=\"aligncenter wp-image-473 size-full\" src=\"http:\/\/patxilarrainzar.educacion.navarra.es\/web\/wp-content\/uploads\/2018\/08\/egutegia.png\" alt=\"EGUTEGIA 18\/19\" width=\"327\" height=\"228\" srcset=\"https:\/\/patxilarrainzar.educacion.navarra.es\/web\/wp-content\/uploads\/2018\/08\/egutegia.png 327w, https:\/\/patxilarrainzar.educacion.navarra.es\/web\/wp-content\/uploads\/2018\/08\/egutegia-300x209.png 300w\" sizes=\"(max-width: 327px) 100vw, 327px\" \/><\/a><\/p>\n","protected":false},"excerpt":{"rendered":"<p>Haz clic en la imagen para descargar el calendario del curso 18\/19. ATENCI\u00d3N: Como el curso ha empezado un d\u00eda m\u00e1s tarde, tambi\u00e9n acabar\u00e1 un d\u00eda despu\u00e9s de lo previsto inicialmente (acabar\u00e1 el 24 de junio).<\/p>\n","protected":false},"author":1,"featured_media":0,"comment_status":"open","ping_status":"open","sticky":false,"template":"","format":"standard","meta":{"_genesis_hide_title":false,"_genesis_hide_breadcrumbs":false,"_genesis_hide_singular_image":false,"_genesis_hide_footer_widgets":false,"_genesis_custom_body_class":"","_genesis_custom_post_class":"","_genesis_layout":""},"categories":[1],"tags":[],"_links":{"self":[{"href":"https:\/\/patxilarrainzar.educacion.navarra.es\/web\/es\/wp-json\/wp\/v2\/posts\/565"}],"collection":[{"href":"https:\/\/patxilarrainzar.educacion.navarra.es\/web\/es\/wp-json\/wp\/v2\/posts"}],"about":[{"href":"https:\/\/patxilarrainzar.educacion.navarra.es\/web\/es\/wp-json\/wp\/v2\/types\/post"}],"author":[{"embeddable":true,"href":"https:\/\/patxilarrainzar.educacion.navarra.es\/web\/es\/wp-json\/wp\/v2\/users\/1"}],"replies":[{"embeddable":true,"href":"https:\/\/patxilarrainzar.educacion.navarra.es\/web\/es\/wp-json\/wp\/v2\/comments?post=565"}],"version-history":[{"count":5,"href":"https:\/\/patxilarrainzar.educacion.navarra.es\/web\/es\/wp-json\/wp\/v2\/posts\/565\/revisions"}],"predecessor-version":[{"id":575,"href":"https:\/\/patxilarrainzar.educacion.navarra.es\/web\/es\/wp-json\/wp\/v2\/posts\/565\/revisions\/575"}],"wp:attachment":[{"href":"https:\/\/patxilarrainzar.educacion.navarra.es\/web\/es\/wp-json\/wp\/v2\/media?parent=565"}],"wp:term":[{"taxonomy":"category","embeddable":true,"href":"https:\/\/patxilarrainzar.educacion.navarra.es\/web\/es\/wp-json\/wp\/v2\/categories?post=565"},{"taxonomy":"post_tag","embeddable":true,"href":"https:\/\/patxilarrainzar.educacion.navarra.es\/web\/es\/wp-json\/wp\/v2\/tags?post=565"}],"curies":[{"name":"wp","href":"https:\/\/api.w.org\/{rel}","templated":true}]}}