{"id":604,"date":"2018-09-28T11:31:42","date_gmt":"2018-09-28T09:31:42","guid":{"rendered":"http:\/\/patxilarrainzar.educacion.navarra.es\/web\/blog\/2018\/09\/28\/skolae-2018\/"},"modified":"2018-09-28T11:36:03","modified_gmt":"2018-09-28T09:36:03","slug":"skolae-2018","status":"publish","type":"post","link":"https:\/\/patxilarrainzar.educacion.navarra.es\/web\/es\/blog\/2018\/09\/28\/skolae-2018\/","title":{"rendered":"II Jornadas SKOLAE"},"content":{"rendered":"<p><img loading=\"lazy\" class=\"wp-image-8186 alignright\" src=\"http:\/\/consejoescolar.educacion.navarra.es\/web1\/wp-content\/uploads\/2017\/09\/Skol-300x96.jpg\" sizes=\"(max-width: 400px) 100vw, 400px\" srcset=\"http:\/\/consejoescolar.educacion.navarra.es\/web1\/wp-content\/uploads\/2017\/09\/Skol-300x96.jpg 300w, http:\/\/consejoescolar.educacion.navarra.es\/web1\/wp-content\/uploads\/2017\/09\/Skol-768x246.jpg 768w, http:\/\/consejoescolar.educacion.navarra.es\/web1\/wp-content\/uploads\/2017\/09\/Skol.jpg 883w\" alt=\"\" width=\"400\" height=\"128\" \/>Nuestro centro participa en el programa SKOLAE.<\/p>\n<p>Por una Escuela m\u00e1s Coeducadora.<\/p>\n<p>Para entender mejor qu\u00e9 es SKOLAE haz click <a href=\"http:\/\/patxilarrainzar.educacion.navarra.es\/web\/wp-content\/uploads\/2018\/09\/SKOLAE-2018.pdf\" target=\"_blank\" rel=\"noopener\">aqu\u00ed<\/a><\/p>\n","protected":false},"excerpt":{"rendered":"<p>Nuestro centro participa en el programa SKOLAE. Por una Escuela m\u00e1s Coeducadora. Para entender mejor qu\u00e9 es SKOLAE haz click aqu\u00ed<\/p>\n","protected":false},"author":1,"featured_media":0,"comment_status":"open","ping_status":"open","sticky":false,"template":"","format":"standard","meta":{"_genesis_hide_title":false,"_genesis_hide_breadcrumbs":false,"_genesis_hide_singular_image":false,"_genesis_hide_footer_widgets":false,"_genesis_custom_body_class":"","_genesis_custom_post_class":"","_genesis_layout":""},"categories":[1],"tags":[],"_links":{"self":[{"href":"https:\/\/patxilarrainzar.educacion.navarra.es\/web\/es\/wp-json\/wp\/v2\/posts\/604"}],"collection":[{"href":"https:\/\/patxilarrainzar.educacion.navarra.es\/web\/es\/wp-json\/wp\/v2\/posts"}],"about":[{"href":"https:\/\/patxilarrainzar.educacion.navarra.es\/web\/es\/wp-json\/wp\/v2\/types\/post"}],"author":[{"embeddable":true,"href":"https:\/\/patxilarrainzar.educacion.navarra.es\/web\/es\/wp-json\/wp\/v2\/users\/1"}],"replies":[{"embeddable":true,"href":"https:\/\/patxilarrainzar.educacion.navarra.es\/web\/es\/wp-json\/wp\/v2\/comments?post=604"}],"version-history":[{"count":3,"href":"https:\/\/patxilarrainzar.educacion.navarra.es\/web\/es\/wp-json\/wp\/v2\/posts\/604\/revisions"}],"predecessor-version":[{"id":609,"href":"https:\/\/patxilarrainzar.educacion.navarra.es\/web\/es\/wp-json\/wp\/v2\/posts\/604\/revisions\/609"}],"wp:attachment":[{"href":"https:\/\/patxilarrainzar.educacion.navarra.es\/web\/es\/wp-json\/wp\/v2\/media?parent=604"}],"wp:term":[{"taxonomy":"category","embeddable":true,"href":"https:\/\/patxilarrainzar.educacion.navarra.es\/web\/es\/wp-json\/wp\/v2\/categories?post=604"},{"taxonomy":"post_tag","embeddable":true,"href":"https:\/\/patxilarrainzar.educacion.navarra.es\/web\/es\/wp-json\/wp\/v2\/tags?post=604"}],"curies":[{"name":"wp","href":"https:\/\/api.w.org\/{rel}","templated":true}]}}