{"id":906,"date":"2019-03-18T08:57:08","date_gmt":"2019-03-18T07:57:08","guid":{"rendered":"http:\/\/patxilarrainzar.educacion.navarra.es\/web\/blog\/2019\/03\/18\/carnavales-2019-video-y-fotos\/"},"modified":"2019-03-18T22:13:44","modified_gmt":"2019-03-18T21:13:44","slug":"carnavales-2019-video-y-fotos","status":"publish","type":"post","link":"https:\/\/patxilarrainzar.educacion.navarra.es\/web\/es\/blog\/2019\/03\/18\/carnavales-2019-video-y-fotos\/","title":{"rendered":"Inauteriak 2019. V\u00eddeo y fotos"},"content":{"rendered":"\n<p>Solo han pasado 2 semanas desde la fiesta de carnaval, pero parece que queda tan lejos&#8230;<\/p>\n\n<p>Para recordarlos os dejamos el v\u00eddeo y las fotos que sacamos aquel d\u00eda. Pod\u00e9is verlas aqu\u00ed:<\/p>\n\n<figure class=\"wp-block-embed-youtube aligncenter wp-block-embed is-type-video is-provider-youtube wp-embed-aspect-16-9 wp-has-aspect-ratio\"><div class=\"wp-block-embed__wrapper\">\n<iframe loading=\"lazy\" width=\"500\" height=\"281\" src=\"https:\/\/www.youtube.com\/embed\/8votMLiazZE?feature=oembed\" frameborder=\"0\" allow=\"accelerometer; autoplay; encrypted-media; gyroscope; picture-in-picture\" allowfullscreen><\/iframe>\n<\/div><\/figure>\n<div class=\"wp-block-image\"><figure class=\"alignleft is-resized\"><a href=\"https:\/\/photos.app.goo.gl\/HPkCRBkvzzemJxL68\" target=\"_blank\" rel=\"noreferrer noopener\"><img loading=\"lazy\" src=\"https:\/\/lh3.googleusercontent.com\/ETYVF5VvRGmEGmI6Rx0ShFovEjLO5xQO6DFWwCOBweLQ3BLvoXCuht6_in7WAVLX9mcV9MRP0mkziSNTFbLN2urtGs5i46aKwEYOsrkWQdY9qZ9WgmYwLApRvw3H7lsYEZYD0-0zv2opNgDDsa3iCBNmGSjJEUy-tju1RQCN4x19tdaxKxjpyAa5eUZk-QWsILT1Yh4zVtxy6zSfVec4tC8Do6K0q_Iip5bR4kAE7yVlmHI8wGXWpGIJ20Nh0d8hqFALIpt2i1gJqYRlWWss0kIgNrrlVdhbOCqqV0P2RrA79cJbbvUqaXIAFqqJz1DS_cvzAWsb32LCav_ggkVU9eeRwZUaKmaIjNf0wFtXKMdMORogjY3ZjGRW4dLIpIFFjOqB_1SQMBcL4Ic4djjegrmXx4h5VzJRHyMHWVHpkficUlv8e4rU5FQmnP924sQjZTrbgaWXSg7W9VWE0_AGlymmV0rVWjqbHyMTZkS6-S9dnpSu1xGcI-xe3fPb3wgr1rujuo5WcrHtE0k4V8paUbTKnEW2HF5-uPo_OeZNiR_HmFkWMmc5FR1N9vCk8fVIp7RaprwkJXnM12jrFtbOwPxUhWwMLf_QPJJLfSyVvfBa9RenlhLP5HNCsIAssrCvOBWsZz8EJp0dkaWS6dA4APCxpqHce29emgGzMW5vM6dh6x1h4yEwYnjmTRQiYh5esB1eI8DYp7_SXtMD7WfwNPcZxA=w1024-h768-no\" alt=\"\" width=\"512\" height=\"384\"><\/a><\/figure><\/div>\n\n<p><\/p>\n\n<p>Haced clic en la imagen o <a href=\"https:\/\/photos.app.goo.gl\/HPkCRBkvzzemJxL68\" target=\"_blank\" rel=\"noopener noreferrer\">aqu\u00ed<\/a> para ver m\u00e1s fotos<\/p>\n","protected":false},"excerpt":{"rendered":"<p>Solo han pasado 2 semanas desde la fiesta de carnaval, pero parece que queda tan lejos&#8230; Para recordarlos os dejamos el v\u00eddeo y las fotos que sacamos aquel d\u00eda. Pod\u00e9is verlas aqu\u00ed: Haced clic en la imagen o aqu\u00ed para ver m\u00e1s fotos<\/p>\n","protected":false},"author":1,"featured_media":0,"comment_status":"open","ping_status":"open","sticky":false,"template":"","format":"standard","meta":{"_genesis_hide_title":false,"_genesis_hide_breadcrumbs":false,"_genesis_hide_singular_image":false,"_genesis_hide_footer_widgets":false,"_genesis_custom_body_class":"","_genesis_custom_post_class":"","_genesis_layout":""},"categories":[1],"tags":[],"_links":{"self":[{"href":"https:\/\/patxilarrainzar.educacion.navarra.es\/web\/es\/wp-json\/wp\/v2\/posts\/906"}],"collection":[{"href":"https:\/\/patxilarrainzar.educacion.navarra.es\/web\/es\/wp-json\/wp\/v2\/posts"}],"about":[{"href":"https:\/\/patxilarrainzar.educacion.navarra.es\/web\/es\/wp-json\/wp\/v2\/types\/post"}],"author":[{"embeddable":true,"href":"https:\/\/patxilarrainzar.educacion.navarra.es\/web\/es\/wp-json\/wp\/v2\/users\/1"}],"replies":[{"embeddable":true,"href":"https:\/\/patxilarrainzar.educacion.navarra.es\/web\/es\/wp-json\/wp\/v2\/comments?post=906"}],"version-history":[{"count":9,"href":"https:\/\/patxilarrainzar.educacion.navarra.es\/web\/es\/wp-json\/wp\/v2\/posts\/906\/revisions"}],"predecessor-version":[{"id":917,"href":"https:\/\/patxilarrainzar.educacion.navarra.es\/web\/es\/wp-json\/wp\/v2\/posts\/906\/revisions\/917"}],"wp:attachment":[{"href":"https:\/\/patxilarrainzar.educacion.navarra.es\/web\/es\/wp-json\/wp\/v2\/media?parent=906"}],"wp:term":[{"taxonomy":"category","embeddable":true,"href":"https:\/\/patxilarrainzar.educacion.navarra.es\/web\/es\/wp-json\/wp\/v2\/categories?post=906"},{"taxonomy":"post_tag","embeddable":true,"href":"https:\/\/patxilarrainzar.educacion.navarra.es\/web\/es\/wp-json\/wp\/v2\/tags?post=906"}],"curies":[{"name":"wp","href":"https:\/\/api.w.org\/{rel}","templated":true}]}}